{"id":9065,"date":"2025-02-05T15:53:47","date_gmt":"2025-02-05T15:53:47","guid":{"rendered":"https:\/\/medirelax.nl\/?p=9065"},"modified":"2025-02-14T01:47:10","modified_gmt":"2025-02-14T01:47:10","slug":"quanto-costa-una-head-spa-in-belgio","status":"publish","type":"post","link":"https:\/\/medirelax.nl\/it\/quanto-costa-una-head-spa-in-belgio\/","title":{"rendered":"Quanto costa un centro benessere in Belgio?"},"content":{"rendered":"<div data-elementor-type=\"wp-post\" data-elementor-id=\"9065\" class=\"elementor elementor-9065\" data-elementor-post-type=\"post\">\n\t\t\t\t<div class=\"elementor-element elementor-element-5949ebf e-flex e-con-boxed e-con e-parent\" data-id=\"5949ebf\" data-element_type=\"container\" data-e-type=\"container\">\n\t\t\t\t\t<div class=\"e-con-inner\">\n\t\t\t\t<div class=\"elementor-element elementor-element-fc5c181 elementor-widget elementor-widget-text-editor\" data-id=\"fc5c181\" data-element_type=\"widget\" data-e-type=\"widget\" data-widget_type=\"text-editor.default\">\n\t\t\t\t<div class=\"elementor-widget-container\">\n\t\t\t\t\t\t\t\t\t<p>A <strong>spa per la testa<\/strong> \u00e8 l'ultima tendenza in fatto di relax e cura dei capelli, e sempre pi\u00f9 saloni e barbieri in Belgio offrono questo lussuoso trattamento. Ma quali sono i costi di un <strong>centro benessere in Belgio<\/strong>e come potete, in qualit\u00e0 di imprenditori, creare la vostra <strong>spa per la testa<\/strong> aggiungere alla vostra attivit\u00e0?\u00a0<a href=\"#massagestoel\">Per saperne di pi\u00f9...<\/a><\/p>\t\t\t\t\t\t\t\t<\/div>\n\t\t\t\t<\/div>\n\t\t\t\t<div class=\"elementor-element elementor-element-5c5a7d6 elementor-widget elementor-widget-image\" data-id=\"5c5a7d6\" data-element_type=\"widget\" data-e-type=\"widget\" data-widget_type=\"image.default\">\n\t\t\t\t<div class=\"elementor-widget-container\">\n\t\t\t\t\t\t\t\t\t\t\t\t\t\t\t<img fetchpriority=\"high\" decoding=\"async\" width=\"1333\" height=\"1000\" src=\"https:\/\/i0.wp.com\/medirelax.nl\/wp-content\/uploads\/2025\/02\/Screenshot-2025-02-04-at-14.45.55-min.jpg?fit=1333%2C1000&amp;ssl=1\" class=\"attachment-full size-full wp-image-9067\" alt=\"head spa belgio\" srcset=\"https:\/\/i0.wp.com\/medirelax.nl\/wp-content\/uploads\/2025\/02\/Screenshot-2025-02-04-at-14.45.55-min.jpg?w=1333&amp;ssl=1 1333w, https:\/\/i0.wp.com\/medirelax.nl\/wp-content\/uploads\/2025\/02\/Screenshot-2025-02-04-at-14.45.55-min.jpg?resize=300%2C225&amp;ssl=1 300w, https:\/\/i0.wp.com\/medirelax.nl\/wp-content\/uploads\/2025\/02\/Screenshot-2025-02-04-at-14.45.55-min.jpg?resize=1024%2C768&amp;ssl=1 1024w, https:\/\/i0.wp.com\/medirelax.nl\/wp-content\/uploads\/2025\/02\/Screenshot-2025-02-04-at-14.45.55-min.jpg?resize=768%2C576&amp;ssl=1 768w, https:\/\/i0.wp.com\/medirelax.nl\/wp-content\/uploads\/2025\/02\/Screenshot-2025-02-04-at-14.45.55-min.jpg?resize=16%2C12&amp;ssl=1 16w\" sizes=\"(max-width: 1290px) 100vw, 1290px\" \/>\t\t\t\t\t\t\t\t\t\t\t\t\t\t\t<\/div>\n\t\t\t\t<\/div>\n\t\t\t\t<div class=\"elementor-element elementor-element-20df195 elementor-widget elementor-widget-menu-anchor\" data-id=\"20df195\" data-element_type=\"widget\" data-e-type=\"widget\" data-widget_type=\"menu-anchor.default\">\n\t\t\t\t<div class=\"elementor-widget-container\">\n\t\t\t\t\t\t\t<div class=\"elementor-menu-anchor\" id=\"massagestoel\"><\/div>\n\t\t\t\t\t\t<\/div>\n\t\t\t\t<\/div>\n\t\t\t\t<div class=\"elementor-element elementor-element-9ff28c5 elementor-widget elementor-widget-heading\" data-id=\"9ff28c5\" data-element_type=\"widget\" data-e-type=\"widget\" data-widget_type=\"heading.default\">\n\t\t\t\t<div class=\"elementor-widget-container\">\n\t\t\t\t\t<h2 class=\"elementor-heading-title elementor-size-default\">Che cos'\u00e8 una head spa e perch\u00e9 \u00e8 popolare in Belgio?\n<\/h2>\t\t\t\t<\/div>\n\t\t\t\t<\/div>\n\t\t\t\t<div class=\"elementor-element elementor-element-4311475 elementor-widget elementor-widget-text-editor\" data-id=\"4311475\" data-element_type=\"widget\" data-e-type=\"widget\" data-widget_type=\"text-editor.default\">\n\t\t\t\t<div class=\"elementor-widget-container\">\n\t\t\t\t\t\t\t\t\t<p>A <strong>spa per la testa<\/strong> \u00e8 una combinazione di pulizia profonda del cuoio capelluto, massaggio rilassante e aromaterapia, finalizzata a migliorare la crescita dei capelli e a ridurre lo stress. Questo trattamento \u00e8 particolarmente popolare in Giappone e Corea, ma sta rapidamente guadagnando popolarit\u00e0 anche in Belgio. Molti barbieri, centri benessere e saloni di bellezza stanno investendo in un <strong>centro benessere in Belgio<\/strong> per offrire ai clienti un'esperienza unica e rilassante.<\/p>\t\t\t\t\t\t\t\t<\/div>\n\t\t\t\t<\/div>\n\t\t\t\t<div class=\"elementor-element elementor-element-875e50a elementor-widget elementor-widget-heading\" data-id=\"875e50a\" data-element_type=\"widget\" data-e-type=\"widget\" data-widget_type=\"heading.default\">\n\t\t\t\t<div class=\"elementor-widget-container\">\n\t\t\t\t\t<h2 class=\"elementor-heading-title elementor-size-default\">Qual \u00e8 il costo di un trattamento termale alla testa in Belgio?\n<\/h2>\t\t\t\t<\/div>\n\t\t\t\t<\/div>\n\t\t\t\t<div class=\"elementor-element elementor-element-809eb9d elementor-widget elementor-widget-text-editor\" data-id=\"809eb9d\" data-element_type=\"widget\" data-e-type=\"widget\" data-widget_type=\"text-editor.default\">\n\t\t\t\t<div class=\"elementor-widget-container\">\n\t\t\t\t\t\t\t\t\t<p>Il prezzo di un <strong>Trattamento termale per la testa in Belgio<\/strong> dipende dal luogo e dalla durata della sessione. In media, si paga:<\/p><ul><li><strong>\u20ac50 - \u20ac100<\/strong> per un trattamento standard di head spa di circa 45-60 minuti.<\/li><li><strong>\u20ac100 - \u20ac150<\/strong> per una lussuosa spa per la testa con un trattamento extra per i capelli e un massaggio pi\u00f9 lungo.<\/li><\/ul><p>Il prezzo esatto pu\u00f2 variare da salone a salone, a seconda dei prodotti e delle tecniche utilizzate.<\/p>\t\t\t\t\t\t\t\t<\/div>\n\t\t\t\t<\/div>\n\t\t\t\t<div class=\"elementor-element elementor-element-92fe439 elementor-widget elementor-widget-heading\" data-id=\"92fe439\" data-element_type=\"widget\" data-e-type=\"widget\" data-widget_type=\"heading.default\">\n\t\t\t\t<div class=\"elementor-widget-container\">\n\t\t\t\t\t<h2 class=\"elementor-heading-title elementor-size-default\">Offrite voi stessi una Head Spa? Acquistare una Head Spa professionale da MediRelaxa\n<\/h2>\t\t\t\t<\/div>\n\t\t\t\t<\/div>\n\t\t\t\t<div class=\"elementor-element elementor-element-afaf38d elementor-widget elementor-widget-text-editor\" data-id=\"afaf38d\" data-element_type=\"widget\" data-e-type=\"widget\" data-widget_type=\"text-editor.default\">\n\t\t\t\t<div class=\"elementor-widget-container\">\n\t\t\t\t\t\t\t\t\t<p>In qualit\u00e0 di parrucchiere, centro benessere o salone, desiderate creare la vostra <strong>spa per la testa<\/strong>\u00a0offerta? Allora potete andare su <strong>MediRelaxa<\/strong> per le attrezzature professionali per head spa. MediRelaxa \u00e8 il distributore di head spa in Belgio e offre opzioni di qualit\u00e0 e convenienti:<\/p><ul><li><strong>Divano Headspa - 1.995 euro<\/strong>Una panca professionale a testa fissa per saloni e centri benessere. Ideale per un uso prolungato e per un'esperienza di lusso.<\/li><li><strong>Headspa mobile - 1.195 euro<\/strong>Una soluzione portatile che consente di offrire in modo flessibile una spa per la testa, perfetta per i saloni pi\u00f9 piccoli o per i servizi mobili di parrucchiere.<\/li><\/ul><p>Grazie a questi investimenti, potrete offrire ai clienti un'esperienza di benessere unica e differenziare la vostra attivit\u00e0 nel mercato in crescita di <strong>centro benessere in Belgio<\/strong>.<\/p>\t\t\t\t\t\t\t\t<\/div>\n\t\t\t\t<\/div>\n\t\t\t\t<div class=\"elementor-element elementor-element-454ed8e elementor-widget elementor-widget-heading\" data-id=\"454ed8e\" data-element_type=\"widget\" data-e-type=\"widget\" data-widget_type=\"heading.default\">\n\t\t\t\t<div class=\"elementor-widget-container\">\n\t\t\t\t\t<h2 class=\"elementor-heading-title elementor-size-default\">Conclusione\n<\/h2>\t\t\t\t<\/div>\n\t\t\t\t<\/div>\n\t\t\t\t<div class=\"elementor-element elementor-element-1b47313 elementor-widget elementor-widget-text-editor\" data-id=\"1b47313\" data-element_type=\"widget\" data-e-type=\"widget\" data-widget_type=\"text-editor.default\">\n\t\t\t\t<div class=\"elementor-widget-container\">\n\t\t\t\t\t\t\t\t\t<p>La popolarit\u00e0 del <strong>centro benessere in Belgio<\/strong> \u00e8 in crescita e sempre pi\u00f9 persone cercano trattamenti rilassanti e curativi per il cuoio capelluto. Sia che vogliate sperimentare voi stessi una head spa o che vogliate offrire questo servizio come imprenditori, a <strong>MediRelaxa<\/strong> \u00e8 possibile trovare l'attrezzatura giusta. Scegliere un professionista <strong>panca head spa<\/strong> o una versione mobile e offrire ai vostri clienti un'esperienza di relax di alto livello.<\/p>\t\t\t\t\t\t\t\t<\/div>\n\t\t\t\t<\/div>\n\t\t\t\t\t<\/div>\n\t\t\t\t<\/div>\n\t\t<div class=\"elementor-element elementor-element-34d30c8 e-flex e-con-boxed e-con e-parent\" data-id=\"34d30c8\" data-element_type=\"container\" data-e-type=\"container\">\n\t\t\t\t\t<div class=\"e-con-inner\">\n\t\t\t\t<div class=\"elementor-element elementor-element-07e3185 elementor-widget elementor-widget-heading\" data-id=\"07e3185\" data-element_type=\"widget\" data-e-type=\"widget\" data-widget_type=\"heading.default\">\n\t\t\t\t<div class=\"elementor-widget-container\">\n\t\t\t\t\t<h2 class=\"elementor-heading-title elementor-size-default\">Acquistate il vostro Headspa qui<\/h2>\t\t\t\t<\/div>\n\t\t\t\t<\/div>\n\t\t\t\t\t<\/div>\n\t\t\t\t<\/div>\n\t\t<div class=\"elementor-element elementor-element-53ef7ea e-flex e-con-boxed e-con e-parent\" data-id=\"53ef7ea\" data-element_type=\"container\" data-e-type=\"container\">\n\t\t\t\t\t<div class=\"e-con-inner\">\n\t\t<div class=\"elementor-element elementor-element-bd8cffd e-con-full e-flex e-con e-child\" data-id=\"bd8cffd\" data-element_type=\"container\" data-e-type=\"container\">\n\t\t\t\t<div class=\"elementor-element elementor-element-a16afe9 elementor-widget elementor-widget-text-editor\" data-id=\"a16afe9\" data-element_type=\"widget\" data-e-type=\"widget\" data-widget_type=\"text-editor.default\">\n\t\t\t\t<div class=\"elementor-widget-container\">\n\t\t\t\t\t\t\t\t\t<p>LETTO A TESTA<\/p>\t\t\t\t\t\t\t\t<\/div>\n\t\t\t\t<\/div>\n\t\t\t\t<div class=\"elementor-element elementor-element-4a10bea e-transform elementor-widget elementor-widget-image\" data-id=\"4a10bea\" data-element_type=\"widget\" data-e-type=\"widget\" data-settings=\"{&quot;_transform_scale_effect_hover&quot;:{&quot;unit&quot;:&quot;px&quot;,&quot;size&quot;:1.07,&quot;sizes&quot;:[]},&quot;_transform_scale_effect_hover_tablet&quot;:{&quot;unit&quot;:&quot;px&quot;,&quot;size&quot;:&quot;&quot;,&quot;sizes&quot;:[]},&quot;_transform_scale_effect_hover_mobile&quot;:{&quot;unit&quot;:&quot;px&quot;,&quot;size&quot;:&quot;&quot;,&quot;sizes&quot;:[]}}\" data-widget_type=\"image.default\">\n\t\t\t\t<div class=\"elementor-widget-container\">\n\t\t\t\t\t\t\t\t\t\t\t\t\t\t\t\t<a href=\"https:\/\/medirelax.nl\/it\/product\/casada-ecosonic-silver\/\">\n\t\t\t\t\t\t\t<img decoding=\"async\" width=\"1024\" height=\"682\" src=\"https:\/\/i0.wp.com\/medirelax.nl\/wp-content\/uploads\/2025\/01\/headspa-kopen-4-min.jpg?fit=1024%2C682&amp;ssl=1\" class=\"attachment-large size-large wp-image-9346\" alt=\"headspa giapponese\" srcset=\"https:\/\/i0.wp.com\/medirelax.nl\/wp-content\/uploads\/2025\/01\/headspa-kopen-4-min.jpg?w=2000&amp;ssl=1 2000w, https:\/\/i0.wp.com\/medirelax.nl\/wp-content\/uploads\/2025\/01\/headspa-kopen-4-min.jpg?resize=300%2C200&amp;ssl=1 300w, https:\/\/i0.wp.com\/medirelax.nl\/wp-content\/uploads\/2025\/01\/headspa-kopen-4-min.jpg?resize=1024%2C682&amp;ssl=1 1024w, https:\/\/i0.wp.com\/medirelax.nl\/wp-content\/uploads\/2025\/01\/headspa-kopen-4-min.jpg?resize=768%2C512&amp;ssl=1 768w, https:\/\/i0.wp.com\/medirelax.nl\/wp-content\/uploads\/2025\/01\/headspa-kopen-4-min.jpg?resize=1536%2C1024&amp;ssl=1 1536w, https:\/\/i0.wp.com\/medirelax.nl\/wp-content\/uploads\/2025\/01\/headspa-kopen-4-min.jpg?resize=18%2C12&amp;ssl=1 18w\" sizes=\"(max-width: 1024px) 100vw, 1024px\" \/>\t\t\t\t\t\t\t\t<\/a>\n\t\t\t\t\t\t\t\t\t\t\t\t\t\t\t<\/div>\n\t\t\t\t<\/div>\n\t\t\t\t<div class=\"elementor-element elementor-element-e4df3c1 elementor-widget elementor-widget-text-editor\" data-id=\"e4df3c1\" data-element_type=\"widget\" data-e-type=\"widget\" data-widget_type=\"text-editor.default\">\n\t\t\t\t<div class=\"elementor-widget-container\">\n\t\t\t\t\t\t\t\t\t<p>Headspa giapponese - Beige<\/p>\t\t\t\t\t\t\t\t<\/div>\n\t\t\t\t<\/div>\n\t\t\t\t<div class=\"elementor-element elementor-element-0a89314 elementor-widget elementor-widget-text-editor\" data-id=\"0a89314\" data-element_type=\"widget\" data-e-type=\"widget\" data-widget_type=\"text-editor.default\">\n\t\t\t\t<div class=\"elementor-widget-container\">\n\t\t\t\t\t\t\t\t\t<ul><li>Inclusi motore a vapore e sedia<\/li><li>Consegna 1-3 giorni lavorativi<\/li><\/ul>\t\t\t\t\t\t\t\t<\/div>\n\t\t\t\t<\/div>\n\t\t\t\t<div class=\"elementor-element elementor-element-9d09eee elementor-widget elementor-widget-text-editor\" data-id=\"9d09eee\" data-element_type=\"widget\" data-e-type=\"widget\" data-widget_type=\"text-editor.default\">\n\t\t\t\t<div class=\"elementor-widget-container\">\n\t\t\t\t\t\t\t\t\t<p>\u20ac1795<\/p>\t\t\t\t\t\t\t\t<\/div>\n\t\t\t\t<\/div>\n\t\t\t\t<div class=\"elementor-element elementor-element-6429cbe elementor-align-justify elementor-widget elementor-widget-button\" data-id=\"6429cbe\" data-element_type=\"widget\" data-e-type=\"widget\" data-widget_type=\"button.default\">\n\t\t\t\t<div class=\"elementor-widget-container\">\n\t\t\t\t\t\t\t\t\t<div class=\"elementor-button-wrapper\">\n\t\t\t\t\t<a class=\"elementor-button elementor-button-link elementor-size-sm\" href=\"https:\/\/medirelax.nl\/it\/product\/headspa\/\">\n\t\t\t\t\t\t<span class=\"elementor-button-content-wrapper\">\n\t\t\t\t\t\t\t\t\t<span class=\"elementor-button-text\">VISUALIZZA LA TESTA<\/span>\n\t\t\t\t\t<\/span>\n\t\t\t\t\t<\/a>\n\t\t\t\t<\/div>\n\t\t\t\t\t\t\t\t<\/div>\n\t\t\t\t<\/div>\n\t\t\t\t<\/div>\n\t\t<div class=\"elementor-element elementor-element-011309f e-con-full e-flex e-con e-child\" data-id=\"011309f\" data-element_type=\"container\" data-e-type=\"container\">\n\t\t\t\t<div class=\"elementor-element elementor-element-15493ce elementor-widget elementor-widget-text-editor\" data-id=\"15493ce\" data-element_type=\"widget\" data-e-type=\"widget\" data-widget_type=\"text-editor.default\">\n\t\t\t\t<div class=\"elementor-widget-container\">\n\t\t\t\t\t\t\t\t\t<p>CON PEDILUVIO<\/p>\t\t\t\t\t\t\t\t<\/div>\n\t\t\t\t<\/div>\n\t\t\t\t<div class=\"elementor-element elementor-element-568e0a8 e-transform elementor-widget elementor-widget-image\" data-id=\"568e0a8\" data-element_type=\"widget\" data-e-type=\"widget\" data-settings=\"{&quot;_transform_scale_effect_hover&quot;:{&quot;unit&quot;:&quot;px&quot;,&quot;size&quot;:1.07,&quot;sizes&quot;:[]},&quot;_transform_scale_effect_hover_tablet&quot;:{&quot;unit&quot;:&quot;px&quot;,&quot;size&quot;:&quot;&quot;,&quot;sizes&quot;:[]},&quot;_transform_scale_effect_hover_mobile&quot;:{&quot;unit&quot;:&quot;px&quot;,&quot;size&quot;:&quot;&quot;,&quot;sizes&quot;:[]}}\" data-widget_type=\"image.default\">\n\t\t\t\t<div class=\"elementor-widget-container\">\n\t\t\t\t\t\t\t\t\t\t\t\t\t\t\t\t<a href=\"https:\/\/medirelax.nl\/it\/product\/casada-skyliner3-kaki\/\">\n\t\t\t\t\t\t\t<img decoding=\"async\" width=\"1024\" height=\"682\" src=\"https:\/\/i0.wp.com\/medirelax.nl\/wp-content\/uploads\/2025\/02\/headspa-bed-10-min.jpg?fit=1024%2C682&amp;ssl=1\" class=\"attachment-large size-large wp-image-9626\" alt=\"\" srcset=\"https:\/\/i0.wp.com\/medirelax.nl\/wp-content\/uploads\/2025\/02\/headspa-bed-10-min.jpg?w=2000&amp;ssl=1 2000w, https:\/\/i0.wp.com\/medirelax.nl\/wp-content\/uploads\/2025\/02\/headspa-bed-10-min.jpg?resize=300%2C200&amp;ssl=1 300w, https:\/\/i0.wp.com\/medirelax.nl\/wp-content\/uploads\/2025\/02\/headspa-bed-10-min.jpg?resize=1024%2C682&amp;ssl=1 1024w, https:\/\/i0.wp.com\/medirelax.nl\/wp-content\/uploads\/2025\/02\/headspa-bed-10-min.jpg?resize=768%2C512&amp;ssl=1 768w, https:\/\/i0.wp.com\/medirelax.nl\/wp-content\/uploads\/2025\/02\/headspa-bed-10-min.jpg?resize=1536%2C1024&amp;ssl=1 1536w, https:\/\/i0.wp.com\/medirelax.nl\/wp-content\/uploads\/2025\/02\/headspa-bed-10-min.jpg?resize=18%2C12&amp;ssl=1 18w\" sizes=\"(max-width: 1024px) 100vw, 1024px\" \/>\t\t\t\t\t\t\t\t<\/a>\n\t\t\t\t\t\t\t\t\t\t\t\t\t\t\t<\/div>\n\t\t\t\t<\/div>\n\t\t\t\t<div class=\"elementor-element elementor-element-a51c8bc elementor-widget elementor-widget-text-editor\" data-id=\"a51c8bc\" data-element_type=\"widget\" data-e-type=\"widget\" data-widget_type=\"text-editor.default\">\n\t\t\t\t<div class=\"elementor-widget-container\">\n\t\t\t\t\t\t\t\t\t<p>Headspa con schienale regolabile<\/p>\t\t\t\t\t\t\t\t<\/div>\n\t\t\t\t<\/div>\n\t\t\t\t<div class=\"elementor-element elementor-element-ee052a3 elementor-widget elementor-widget-text-editor\" data-id=\"ee052a3\" data-element_type=\"widget\" data-e-type=\"widget\" data-widget_type=\"text-editor.default\">\n\t\t\t\t<div class=\"elementor-widget-container\">\n\t\t\t\t\t\t\t\t\t<ul><li>Schienale e pedana regolabili<\/li><li>Consegna 1-3 giorni lavorativi<\/li><\/ul>\t\t\t\t\t\t\t\t<\/div>\n\t\t\t\t<\/div>\n\t\t\t\t<div class=\"elementor-element elementor-element-95d5ffb elementor-widget elementor-widget-text-editor\" data-id=\"95d5ffb\" data-element_type=\"widget\" data-e-type=\"widget\" data-widget_type=\"text-editor.default\">\n\t\t\t\t<div class=\"elementor-widget-container\">\n\t\t\t\t\t\t\t\t\t<p>\u20ac2395<\/p>\t\t\t\t\t\t\t\t<\/div>\n\t\t\t\t<\/div>\n\t\t\t\t<div class=\"elementor-element elementor-element-64b72c3 elementor-align-justify elementor-widget elementor-widget-button\" data-id=\"64b72c3\" data-element_type=\"widget\" data-e-type=\"widget\" data-widget_type=\"button.default\">\n\t\t\t\t<div class=\"elementor-widget-container\">\n\t\t\t\t\t\t\t\t\t<div class=\"elementor-button-wrapper\">\n\t\t\t\t\t<a class=\"elementor-button elementor-button-link elementor-size-sm\" href=\"https:\/\/medirelax.nl\/it\/product\/letto-headspa\/\">\n\t\t\t\t\t\t<span class=\"elementor-button-content-wrapper\">\n\t\t\t\t\t\t\t\t\t<span class=\"elementor-button-text\">VISUALIZZA LA TESTA<\/span>\n\t\t\t\t\t<\/span>\n\t\t\t\t\t<\/a>\n\t\t\t\t<\/div>\n\t\t\t\t\t\t\t\t<\/div>\n\t\t\t\t<\/div>\n\t\t\t\t<\/div>\n\t\t\t\t\t<\/div>\n\t\t\t\t<\/div>\n\t\t<div class=\"elementor-element elementor-element-89458bd e-flex e-con-boxed e-con e-parent\" data-id=\"89458bd\" data-element_type=\"container\" data-e-type=\"container\">\n\t\t\t\t\t<div class=\"e-con-inner\">\n\t\t\t\t<div class=\"elementor-element elementor-element-1bae192 elementor-widget elementor-widget-heading\" data-id=\"1bae192\" data-element_type=\"widget\" data-e-type=\"widget\" data-widget_type=\"heading.default\">\n\t\t\t\t<div class=\"elementor-widget-container\">\n\t\t\t\t\t<h2 class=\"elementor-heading-title elementor-size-default\">Visualizza tutti gli Headspas<\/h2>\t\t\t\t<\/div>\n\t\t\t\t<\/div>\n\t\t\t\t<div class=\"elementor-element elementor-element-86c4782 elementor-align-right elementor-mobile-align-center elementor-tablet-align-right elementor-widget elementor-widget-button\" data-id=\"86c4782\" data-element_type=\"widget\" data-e-type=\"widget\" data-widget_type=\"button.default\">\n\t\t\t\t<div class=\"elementor-widget-container\">\n\t\t\t\t\t\t\t\t\t<div class=\"elementor-button-wrapper\">\n\t\t\t\t\t<a class=\"elementor-button elementor-button-link elementor-size-md\" href=\"https:\/\/medirelax.nl\/it\/categoria-di-prodotto\/headspa\/\">\n\t\t\t\t\t\t<span class=\"elementor-button-content-wrapper\">\n\t\t\t\t\t\t<span class=\"elementor-button-icon\">\n\t\t\t\t<svg aria-hidden=\"true\" class=\"e-font-icon-svg e-fas-arrow-right\" viewbox=\"0 0 448 512\" xmlns=\"http:\/\/www.w3.org\/2000\/svg\"><path d=\"M190.5 66.9l22.2-22.2c9.4-9.4 24.6-9.4 33.9 0L441 239c9.4 9.4 9.4 24.6 0 33.9L246.6 467.3c-9.4 9.4-24.6 9.4-33.9 0l-22.2-22.2c-9.5-9.5-9.3-25 .4-34.3L311.4 296H24c-13.3 0-24-10.7-24-24v-32c0-13.3 10.7-24 24-24h287.4L190.9 101.2c-9.8-9.3-10-24.8-.4-34.3z\"><\/path><\/svg>\t\t\t<\/span>\n\t\t\t\t\t\t\t\t\t<span class=\"elementor-button-text\">Tutti i prodotti Headspas<\/span>\n\t\t\t\t\t<\/span>\n\t\t\t\t\t<\/a>\n\t\t\t\t<\/div>\n\t\t\t\t\t\t\t\t<\/div>\n\t\t\t\t<\/div>\n\t\t\t\t\t<\/div>\n\t\t\t\t<\/div>\n\t\t<div class=\"elementor-element elementor-element-43cb269 e-flex e-con-boxed e-con e-parent\" data-id=\"43cb269\" data-element_type=\"container\" data-e-type=\"container\" data-settings=\"{&quot;background_background&quot;:&quot;classic&quot;}\">\n\t\t\t\t\t<div class=\"e-con-inner\">\n\t\t<div class=\"elementor-element elementor-element-643d990 e-con-full e-flex e-con e-child\" data-id=\"643d990\" data-element_type=\"container\" data-e-type=\"container\">\n\t\t\t\t<div class=\"elementor-element elementor-element-3a63181 elementor-widget elementor-widget-heading\" data-id=\"3a63181\" data-element_type=\"widget\" data-e-type=\"widget\" data-widget_type=\"heading.default\">\n\t\t\t\t<div class=\"elementor-widget-container\">\n\t\t\t\t\t<h2 class=\"elementor-heading-title elementor-size-default\">Informazioni su MediRelaxa<\/h2>\t\t\t\t<\/div>\n\t\t\t\t<\/div>\n\t\t\t\t<div class=\"elementor-element elementor-element-fcda263 elementor-widget elementor-widget-text-editor\" data-id=\"fcda263\" data-element_type=\"widget\" data-e-type=\"widget\" data-widget_type=\"text-editor.default\">\n\t\t\t\t<div class=\"elementor-widget-container\">\n\t\t\t\t\t\t\t\t\t<p>MediRelaxa risolve il mal di schiena e la mobilit\u00e0, mentre voi sperimentate il massimo relax a casa o in ufficio.<br \/>Con sede a Westerlo, in Belgio, consegniamo le nostre poltrone da massaggio in tutta Europa.<\/p>\t\t\t\t\t\t\t\t<\/div>\n\t\t\t\t<\/div>\n\t\t\t\t<div class=\"elementor-element elementor-element-5bcd355 elementor-icon-list--layout-inline elementor-list-item-link-full_width elementor-widget elementor-widget-icon-list\" data-id=\"5bcd355\" data-element_type=\"widget\" data-e-type=\"widget\" data-widget_type=\"icon-list.default\">\n\t\t\t\t<div class=\"elementor-widget-container\">\n\t\t\t\t\t\t\t<ul class=\"elementor-icon-list-items elementor-inline-items\">\n\t\t\t\t\t\t\t<li class=\"elementor-icon-list-item elementor-inline-item\">\n\t\t\t\t\t\t\t\t\t\t\t<span class=\"elementor-icon-list-icon\">\n\t\t\t\t\t\t\t<svg aria-hidden=\"true\" class=\"e-font-icon-svg e-fas-shipping-fast\" viewbox=\"0 0 640 512\" xmlns=\"http:\/\/www.w3.org\/2000\/svg\"><path d=\"M624 352h-16V243.9c0-12.7-5.1-24.9-14.1-33.9L494 110.1c-9-9-21.2-14.1-33.9-14.1H416V48c0-26.5-21.5-48-48-48H112C85.5 0 64 21.5 64 48v48H8c-4.4 0-8 3.6-8 8v16c0 4.4 3.6 8 8 8h272c4.4 0 8 3.6 8 8v16c0 4.4-3.6 8-8 8H40c-4.4 0-8 3.6-8 8v16c0 4.4 3.6 8 8 8h208c4.4 0 8 3.6 8 8v16c0 4.4-3.6 8-8 8H8c-4.4 0-8 3.6-8 8v16c0 4.4 3.6 8 8 8h208c4.4 0 8 3.6 8 8v16c0 4.4-3.6 8-8 8H64v128c0 53 43 96 96 96s96-43 96-96h128c0 53 43 96 96 96s96-43 96-96h48c8.8 0 16-7.2 16-16v-32c0-8.8-7.2-16-16-16zM160 464c-26.5 0-48-21.5-48-48s21.5-48 48-48 48 21.5 48 48-21.5 48-48 48zm320 0c-26.5 0-48-21.5-48-48s21.5-48 48-48 48 21.5 48 48-21.5 48-48 48zm80-208H416V144h44.1l99.9 99.9V256z\"><\/path><\/svg>\t\t\t\t\t\t<\/span>\n\t\t\t\t\t\t\t\t\t\t<span class=\"elementor-icon-list-text\">Consegna gratuita in Belgio e nei Paesi Bassi<\/span>\n\t\t\t\t\t\t\t\t\t<\/li>\n\t\t\t\t\t\t\t\t<li class=\"elementor-icon-list-item elementor-inline-item\">\n\t\t\t\t\t\t\t\t\t\t\t<span class=\"elementor-icon-list-icon\">\n\t\t\t\t\t\t\t<svg aria-hidden=\"true\" class=\"e-font-icon-svg e-fas-tools\" viewbox=\"0 0 512 512\" xmlns=\"http:\/\/www.w3.org\/2000\/svg\"><path d=\"M501.1 395.7L384 278.6c-23.1-23.1-57.6-27.6-85.4-13.9L192 158.1V96L64 0 0 64l96 128h62.1l106.6 106.6c-13.6 27.8-9.2 62.3 13.9 85.4l117.1 117.1c14.6 14.6 38.2 14.6 52.7 0l52.7-52.7c14.5-14.6 14.5-38.2 0-52.7zM331.7 225c28.3 0 54.9 11 74.9 31l19.4 19.4c15.8-6.9 30.8-16.5 43.8-29.5 37.1-37.1 49.7-89.3 37.9-136.7-2.2-9-13.5-12.1-20.1-5.5l-74.4 74.4-67.9-11.3L334 98.9l74.4-74.4c6.6-6.6 3.4-17.9-5.7-20.2-47.4-11.7-99.6.9-136.6 37.9-28.5 28.5-41.9 66.1-41.2 103.6l82.1 82.1c8.1-1.9 16.5-2.9 24.7-2.9zm-103.9 82l-56.7-56.7L18.7 402.8c-25 25-25 65.5 0 90.5s65.5 25 90.5 0l123.6-123.6c-7.6-19.9-9.9-41.6-5-62.7zM64 472c-13.2 0-24-10.8-24-24 0-13.3 10.7-24 24-24s24 10.7 24 24c0 13.2-10.7 24-24 24z\"><\/path><\/svg>\t\t\t\t\t\t<\/span>\n\t\t\t\t\t\t\t\t\t\t<span class=\"elementor-icon-list-text\">Fino a 5 anni di garanzia<\/span>\n\t\t\t\t\t\t\t\t\t<\/li>\n\t\t\t\t\t\t\t\t<li class=\"elementor-icon-list-item elementor-inline-item\">\n\t\t\t\t\t\t\t\t\t\t\t<span class=\"elementor-icon-list-icon\">\n\t\t\t\t\t\t\t<svg aria-hidden=\"true\" class=\"e-font-icon-svg e-fas-people-carry\" viewbox=\"0 0 640 512\" xmlns=\"http:\/\/www.w3.org\/2000\/svg\"><path d=\"M128 96c26.5 0 48-21.5 48-48S154.5 0 128 0 80 21.5 80 48s21.5 48 48 48zm384 0c26.5 0 48-21.5 48-48S538.5 0 512 0s-48 21.5-48 48 21.5 48 48 48zm125.7 372.1l-44-110-41.1 46.4-2 18.2 27.7 69.2c5 12.5 17 20.1 29.7 20.1 4 0 8-.7 11.9-2.3 16.4-6.6 24.4-25.2 17.8-41.6zm-34.2-209.8L585 178.1c-4.6-20-18.6-36.8-37.5-44.9-18.5-8-39-6.7-56.1 3.3-22.7 13.4-39.7 34.5-48.1 59.4L432 229.8 416 240v-96c0-8.8-7.2-16-16-16H240c-8.8 0-16 7.2-16 16v96l-16.1-10.2-11.3-33.9c-8.3-25-25.4-46-48.1-59.4-17.2-10-37.6-11.3-56.1-3.3-18.9 8.1-32.9 24.9-37.5 44.9l-18.4 80.2c-4.6 20 .7 41.2 14.4 56.7l67.2 75.9 10.1 92.6C130 499.8 143.8 512 160 512c1.2 0 2.3-.1 3.5-.2 17.6-1.9 30.2-17.7 28.3-35.3l-10.1-92.8c-1.5-13-6.9-25.1-15.6-35l-43.3-49 17.6-70.3 6.8 20.4c4.1 12.5 11.9 23.4 24.5 32.6l51.1 32.5c4.6 2.9 12.1 4.6 17.2 5h160c5.1-.4 12.6-2.1 17.2-5l51.1-32.5c12.6-9.2 20.4-20 24.5-32.6l6.8-20.4 17.6 70.3-43.3 49c-8.7 9.9-14.1 22-15.6 35l-10.1 92.8c-1.9 17.6 10.8 33.4 28.3 35.3 1.2.1 2.3.2 3.5.2 16.1 0 30-12.1 31.8-28.5l10.1-92.6 67.2-75.9c13.6-15.5 19-36.7 14.4-56.7zM46.3 358.1l-44 110c-6.6 16.4 1.4 35 17.8 41.6 16.8 6.6 35.1-1.7 41.6-17.8l27.7-69.2-2-18.2-41.1-46.4z\"><\/path><\/svg>\t\t\t\t\t\t<\/span>\n\t\t\t\t\t\t\t\t\t\t<span class=\"elementor-icon-list-text\">Installazione personale<\/span>\n\t\t\t\t\t\t\t\t\t<\/li>\n\t\t\t\t\t\t<\/ul>\n\t\t\t\t\t\t<\/div>\n\t\t\t\t<\/div>\n\t\t\t\t<div class=\"elementor-element elementor-element-47e20a5 elementor-icon-list--layout-inline elementor-list-item-link-full_width elementor-widget elementor-widget-icon-list\" data-id=\"47e20a5\" data-element_type=\"widget\" data-e-type=\"widget\" data-widget_type=\"icon-list.default\">\n\t\t\t\t<div class=\"elementor-widget-container\">\n\t\t\t\t\t\t\t<ul class=\"elementor-icon-list-items elementor-inline-items\">\n\t\t\t\t\t\t\t<li class=\"elementor-icon-list-item elementor-inline-item\">\n\t\t\t\t\t\t\t\t\t\t\t<a href=\"https:\/\/www.youtube.com\/@MediRelaxa\">\n\n\t\t\t\t\t\t\t\t\t\t\t\t<span class=\"elementor-icon-list-icon\">\n\t\t\t\t\t\t\t<svg aria-hidden=\"true\" class=\"e-font-icon-svg e-fab-youtube\" viewbox=\"0 0 576 512\" xmlns=\"http:\/\/www.w3.org\/2000\/svg\"><path d=\"M549.655 124.083c-6.281-23.65-24.787-42.276-48.284-48.597C458.781 64 288 64 288 64S117.22 64 74.629 75.486c-23.497 6.322-42.003 24.947-48.284 48.597-11.412 42.867-11.412 132.305-11.412 132.305s0 89.438 11.412 132.305c6.281 23.65 24.787 41.5 48.284 47.821C117.22 448 288 448 288 448s170.78 0 213.371-11.486c23.497-6.321 42.003-24.171 48.284-47.821 11.412-42.867 11.412-132.305 11.412-132.305s0-89.438-11.412-132.305zm-317.51 213.508V175.185l142.739 81.205-142.739 81.201z\"><\/path><\/svg>\t\t\t\t\t\t<\/span>\n\t\t\t\t\t\t\t\t\t\t<span class=\"elementor-icon-list-text\">Video di YouTube<\/span>\n\t\t\t\t\t\t\t\t\t\t\t<\/a>\n\t\t\t\t\t\t\t\t\t<\/li>\n\t\t\t\t\t\t<\/ul>\n\t\t\t\t\t\t<\/div>\n\t\t\t\t<\/div>\n\t\t\t\t<div class=\"elementor-element elementor-element-8e14f3b elementor-widget-divider--view-line elementor-widget elementor-widget-divider\" data-id=\"8e14f3b\" data-element_type=\"widget\" data-e-type=\"widget\" data-widget_type=\"divider.default\">\n\t\t\t\t<div class=\"elementor-widget-container\">\n\t\t\t\t\t\t\t<div class=\"elementor-divider\">\n\t\t\t<span class=\"elementor-divider-separator\">\n\t\t\t\t\t\t<\/span>\n\t\t<\/div>\n\t\t\t\t\t\t<\/div>\n\t\t\t\t<\/div>\n\t\t\t\t<\/div>\n\t\t<div class=\"elementor-element elementor-element-7144527 e-con-full e-flex e-con e-child\" data-id=\"7144527\" data-element_type=\"container\" data-e-type=\"container\">\n\t\t\t\t<div class=\"elementor-element elementor-element-4e8f490 elementor-widget elementor-widget-heading\" data-id=\"4e8f490\" data-element_type=\"widget\" data-e-type=\"widget\" data-widget_type=\"heading.default\">\n\t\t\t\t<div class=\"elementor-widget-container\">\n\t\t\t\t\t<h2 class=\"elementor-heading-title elementor-size-default\">Contatto<\/h2>\t\t\t\t<\/div>\n\t\t\t\t<\/div>\n\t\t\t\t<div class=\"elementor-element elementor-element-d11253d elementor-widget elementor-widget-text-editor\" data-id=\"d11253d\" data-element_type=\"widget\" data-e-type=\"widget\" data-widget_type=\"text-editor.default\">\n\t\t\t\t<div class=\"elementor-widget-container\">\n\t\t\t\t\t\t\t\t\t<p>Siete interessati alle nostre poltrone da massaggio o avete domande di carattere generale? Chiamatemi e vi aiuteremo.<\/p>\t\t\t\t\t\t\t\t<\/div>\n\t\t\t\t<\/div>\n\t\t\t\t<\/div>\n\t\t<div class=\"elementor-element elementor-element-e2d8792 e-con-full e-flex e-con e-child\" data-id=\"e2d8792\" data-element_type=\"container\" data-e-type=\"container\">\n\t\t\t\t<div class=\"elementor-element elementor-element-2703da3 elementor-widget__width-initial elementor-widget elementor-widget-image\" data-id=\"2703da3\" data-element_type=\"widget\" data-e-type=\"widget\" data-widget_type=\"image.default\">\n\t\t\t\t<div class=\"elementor-widget-container\">\n\t\t\t\t\t\t\t\t\t\t\t\t\t\t\t<img loading=\"lazy\" decoding=\"async\" width=\"367\" height=\"375\" src=\"https:\/\/i0.wp.com\/medirelax.nl\/wp-content\/uploads\/2024\/05\/gio.png?fit=367%2C375&amp;ssl=1\" class=\"attachment-full size-full wp-image-3038\" alt=\"\" srcset=\"https:\/\/i0.wp.com\/medirelax.nl\/wp-content\/uploads\/2024\/05\/gio.png?w=367&amp;ssl=1 367w, https:\/\/i0.wp.com\/medirelax.nl\/wp-content\/uploads\/2024\/05\/gio.png?resize=294%2C300&amp;ssl=1 294w, https:\/\/i0.wp.com\/medirelax.nl\/wp-content\/uploads\/2024\/05\/gio.png?resize=12%2C12&amp;ssl=1 12w, https:\/\/i0.wp.com\/medirelax.nl\/wp-content\/uploads\/2024\/05\/gio.png?resize=300%2C307&amp;ssl=1 300w\" sizes=\"(max-width: 367px) 100vw, 367px\" \/>\t\t\t\t\t\t\t\t\t\t\t\t\t\t\t<\/div>\n\t\t\t\t<\/div>\n\t\t\t\t<div class=\"elementor-element elementor-element-0e6057c elementor-widget elementor-widget-text-editor\" data-id=\"0e6057c\" data-element_type=\"widget\" data-e-type=\"widget\" data-widget_type=\"text-editor.default\">\n\t\t\t\t<div class=\"elementor-widget-container\">\n\t\t\t\t\t\t\t\t\t<p><strong>Giovanni Vaes<br \/><\/strong><span style=\"font-size: 18px;\">Direttore generale<\/span><\/p>\t\t\t\t\t\t\t\t<\/div>\n\t\t\t\t<\/div>\n\t\t\t\t<\/div>\n\t\t<div class=\"elementor-element elementor-element-8621bbb e-con-full e-flex e-con e-child\" data-id=\"8621bbb\" data-element_type=\"container\" data-e-type=\"container\">\n\t\t\t\t<div class=\"elementor-element elementor-element-7ea5ddd elementor-widget elementor-widget-button\" data-id=\"7ea5ddd\" data-element_type=\"widget\" data-e-type=\"widget\" data-widget_type=\"button.default\">\n\t\t\t\t<div class=\"elementor-widget-container\">\n\t\t\t\t\t\t\t\t\t<div class=\"elementor-button-wrapper\">\n\t\t\t\t\t<a class=\"elementor-button elementor-button-link elementor-size-sm\" href=\"tel:0032456811579\">\n\t\t\t\t\t\t<span class=\"elementor-button-content-wrapper\">\n\t\t\t\t\t\t<span class=\"elementor-button-icon\">\n\t\t\t\t<svg aria-hidden=\"true\" class=\"e-font-icon-svg e-fas-phone-alt\" viewbox=\"0 0 512 512\" xmlns=\"http:\/\/www.w3.org\/2000\/svg\"><path d=\"M497.39 361.8l-112-48a24 24 0 0 0-28 6.9l-49.6 60.6A370.66 370.66 0 0 1 130.6 204.11l60.6-49.6a23.94 23.94 0 0 0 6.9-28l-48-112A24.16 24.16 0 0 0 122.6.61l-104 24A24 24 0 0 0 0 48c0 256.5 207.9 464 464 464a24 24 0 0 0 23.4-18.6l24-104a24.29 24.29 0 0 0-14.01-27.6z\"><\/path><\/svg>\t\t\t<\/span>\n\t\t\t\t\t\t\t\t\t<span class=\"elementor-button-text\">+32 456 81 15 79<\/span>\n\t\t\t\t\t<\/span>\n\t\t\t\t\t<\/a>\n\t\t\t\t<\/div>\n\t\t\t\t\t\t\t\t<\/div>\n\t\t\t\t<\/div>\n\t\t\t\t<div class=\"elementor-element elementor-element-a41628b elementor-widget elementor-widget-button\" data-id=\"a41628b\" data-element_type=\"widget\" data-e-type=\"widget\" data-widget_type=\"button.default\">\n\t\t\t\t<div class=\"elementor-widget-container\">\n\t\t\t\t\t\t\t\t\t<div class=\"elementor-button-wrapper\">\n\t\t\t\t\t<a class=\"elementor-button elementor-button-link elementor-size-sm\" href=\"mailto:info@medirelax.nl\">\n\t\t\t\t\t\t<span class=\"elementor-button-content-wrapper\">\n\t\t\t\t\t\t<span class=\"elementor-button-icon\">\n\t\t\t\t<svg aria-hidden=\"true\" class=\"e-font-icon-svg e-fas-envelope\" viewbox=\"0 0 512 512\" xmlns=\"http:\/\/www.w3.org\/2000\/svg\"><path d=\"M502.3 190.8c3.9-3.1 9.7-.2 9.7 4.7V400c0 26.5-21.5 48-48 48H48c-26.5 0-48-21.5-48-48V195.6c0-5 5.7-7.8 9.7-4.7 22.4 17.4 52.1 39.5 154.1 113.6 21.1 15.4 56.7 47.8 92.2 47.6 35.7.3 72-32.8 92.3-47.6 102-74.1 131.6-96.3 154-113.7zM256 320c23.2.4 56.6-29.2 73.4-41.4 132.7-96.3 142.8-104.7 173.4-128.7 5.8-4.5 9.2-11.5 9.2-18.9v-19c0-26.5-21.5-48-48-48H48C21.5 64 0 85.5 0 112v19c0 7.4 3.4 14.3 9.2 18.9 30.6 23.9 40.7 32.4 173.4 128.7 16.8 12.2 50.2 41.8 73.4 41.4z\"><\/path><\/svg>\t\t\t<\/span>\n\t\t\t\t\t\t\t\t\t<span class=\"elementor-button-text\">info@medirelax.nl<\/span>\n\t\t\t\t\t<\/span>\n\t\t\t\t\t<\/a>\n\t\t\t\t<\/div>\n\t\t\t\t\t\t\t\t<\/div>\n\t\t\t\t<\/div>\n\t\t\t\t<\/div>\n\t\t\t\t\t<\/div>\n\t\t\t\t<\/div>\n\t\t\t\t<\/div>","protected":false},"excerpt":{"rendered":"<p>Een head spa is de nieuwste trend in ontspanning en haarverzorging, en steeds meer salons en kapperszaken in Belgi\u00eb bieden deze luxe behandeling aan. Maar wat zijn de kosten van een head spa in Belgi\u00eb, en hoe kun je als ondernemer zelf een head spa toevoegen aan je zaak?\u00a0Meer info.. Wat is een head spa [&hellip;]<\/p>\n","protected":false},"author":1,"featured_media":9067,"comment_status":"open","ping_status":"open","sticky":false,"template":"","format":"standard","meta":{"_jetpack_memberships_contains_paid_content":false,"footnotes":""},"categories":[1],"tags":[],"class_list":["post-9065","post","type-post","status-publish","format-standard","has-post-thumbnail","hentry","category-blog"],"blocksy_meta":[],"yoast_head":"<!-- This site is optimized with the Yoast SEO plugin v27.4 - https:\/\/yoast.com\/product\/yoast-seo-wordpress\/ -->\n<title>Wat kost een head spa in Belgi\u00eb?<\/title>\n<meta name=\"description\" content=\"Een head spa is de nieuwste trend in ontspanning en haarverzorging, en steeds meer salons en kapperszaken in Belgi\u00eb bieden deze luxe behandeling aan. Maar\" \/>\n<meta name=\"robots\" content=\"index, follow, max-snippet:-1, max-image-preview:large, max-video-preview:-1\" \/>\n<link rel=\"canonical\" href=\"https:\/\/medirelax.nl\/it\/quanto-costa-una-head-spa-in-belgio\/\" \/>\n<meta property=\"og:locale\" content=\"it_IT\" \/>\n<meta property=\"og:type\" content=\"article\" \/>\n<meta property=\"og:title\" content=\"Wat kost een head spa in Belgi\u00eb?\" \/>\n<meta property=\"og:description\" content=\"Een head spa is de nieuwste trend in ontspanning en haarverzorging, en steeds meer salons en kapperszaken in Belgi\u00eb bieden deze luxe behandeling aan. Maar\" \/>\n<meta property=\"og:url\" content=\"https:\/\/medirelax.nl\/it\/quanto-costa-una-head-spa-in-belgio\/\" \/>\n<meta property=\"og:site_name\" content=\"MediRelaxa\" \/>\n<meta property=\"article:published_time\" content=\"2025-02-05T15:53:47+00:00\" \/>\n<meta property=\"article:modified_time\" content=\"2025-02-14T01:47:10+00:00\" \/>\n<meta property=\"og:image\" content=\"https:\/\/medirelax.nl\/wp-content\/uploads\/2025\/02\/Screenshot-2025-02-04-at-14.45.55-min.jpg\" \/>\n\t<meta property=\"og:image:width\" content=\"1333\" \/>\n\t<meta property=\"og:image:height\" content=\"1000\" \/>\n\t<meta property=\"og:image:type\" content=\"image\/jpeg\" \/>\n<meta name=\"author\" content=\"medirelax.nl\" \/>\n<meta name=\"twitter:card\" content=\"summary_large_image\" \/>\n<meta name=\"twitter:label1\" content=\"Scritto da\" \/>\n\t<meta name=\"twitter:data1\" content=\"medirelax.nl\" \/>\n\t<meta name=\"twitter:label2\" content=\"Tempo di lettura stimato\" \/>\n\t<meta name=\"twitter:data2\" content=\"4 minuti\" \/>\n<script type=\"application\/ld+json\" class=\"yoast-schema-graph\">{\"@context\":\"https:\\\/\\\/schema.org\",\"@graph\":[{\"@type\":\"Article\",\"@id\":\"https:\\\/\\\/medirelax.nl\\\/wat-kost-een-head-spa-in-belgie\\\/#article\",\"isPartOf\":{\"@id\":\"https:\\\/\\\/medirelax.nl\\\/wat-kost-een-head-spa-in-belgie\\\/\"},\"author\":{\"name\":\"medirelax.nl\",\"@id\":\"https:\\\/\\\/medirelax.nl\\\/#\\\/schema\\\/person\\\/b6e82d5b35f7bf940a363103a12c4afe\"},\"headline\":\"Wat kost een head spa in Belgi\u00eb?\",\"datePublished\":\"2025-02-05T15:53:47+00:00\",\"dateModified\":\"2025-02-14T01:47:10+00:00\",\"mainEntityOfPage\":{\"@id\":\"https:\\\/\\\/medirelax.nl\\\/wat-kost-een-head-spa-in-belgie\\\/\"},\"wordCount\":493,\"commentCount\":0,\"publisher\":{\"@id\":\"https:\\\/\\\/medirelax.nl\\\/#organization\"},\"image\":{\"@id\":\"https:\\\/\\\/medirelax.nl\\\/wat-kost-een-head-spa-in-belgie\\\/#primaryimage\"},\"thumbnailUrl\":\"https:\\\/\\\/i0.wp.com\\\/medirelax.nl\\\/wp-content\\\/uploads\\\/2025\\\/02\\\/Screenshot-2025-02-04-at-14.45.55-min.jpg?fit=1333%2C1000&ssl=1\",\"articleSection\":[\"Blog\"],\"inLanguage\":\"it-IT\",\"potentialAction\":[{\"@type\":\"CommentAction\",\"name\":\"Comment\",\"target\":[\"https:\\\/\\\/medirelax.nl\\\/wat-kost-een-head-spa-in-belgie\\\/#respond\"]}]},{\"@type\":\"WebPage\",\"@id\":\"https:\\\/\\\/medirelax.nl\\\/wat-kost-een-head-spa-in-belgie\\\/\",\"url\":\"https:\\\/\\\/medirelax.nl\\\/wat-kost-een-head-spa-in-belgie\\\/\",\"name\":\"Wat kost een head spa in Belgi\u00eb?\",\"isPartOf\":{\"@id\":\"https:\\\/\\\/medirelax.nl\\\/#website\"},\"primaryImageOfPage\":{\"@id\":\"https:\\\/\\\/medirelax.nl\\\/wat-kost-een-head-spa-in-belgie\\\/#primaryimage\"},\"image\":{\"@id\":\"https:\\\/\\\/medirelax.nl\\\/wat-kost-een-head-spa-in-belgie\\\/#primaryimage\"},\"thumbnailUrl\":\"https:\\\/\\\/i0.wp.com\\\/medirelax.nl\\\/wp-content\\\/uploads\\\/2025\\\/02\\\/Screenshot-2025-02-04-at-14.45.55-min.jpg?fit=1333%2C1000&ssl=1\",\"datePublished\":\"2025-02-05T15:53:47+00:00\",\"dateModified\":\"2025-02-14T01:47:10+00:00\",\"description\":\"Een head spa is de nieuwste trend in ontspanning en haarverzorging, en steeds meer salons en kapperszaken in Belgi\u00eb bieden deze luxe behandeling aan. Maar\",\"inLanguage\":\"it-IT\",\"potentialAction\":[{\"@type\":\"ReadAction\",\"target\":[\"https:\\\/\\\/medirelax.nl\\\/wat-kost-een-head-spa-in-belgie\\\/\"]}]},{\"@type\":\"ImageObject\",\"inLanguage\":\"it-IT\",\"@id\":\"https:\\\/\\\/medirelax.nl\\\/wat-kost-een-head-spa-in-belgie\\\/#primaryimage\",\"url\":\"https:\\\/\\\/i0.wp.com\\\/medirelax.nl\\\/wp-content\\\/uploads\\\/2025\\\/02\\\/Screenshot-2025-02-04-at-14.45.55-min.jpg?fit=1333%2C1000&ssl=1\",\"contentUrl\":\"https:\\\/\\\/i0.wp.com\\\/medirelax.nl\\\/wp-content\\\/uploads\\\/2025\\\/02\\\/Screenshot-2025-02-04-at-14.45.55-min.jpg?fit=1333%2C1000&ssl=1\",\"width\":1333,\"height\":1000,\"caption\":\"head spa belgie\"},{\"@type\":\"WebSite\",\"@id\":\"https:\\\/\\\/medirelax.nl\\\/#website\",\"url\":\"https:\\\/\\\/medirelax.nl\\\/\",\"name\":\"MediRelaxa\",\"description\":\"Luxueus Ontspannen in onze Designer Massagestoelen\",\"publisher\":{\"@id\":\"https:\\\/\\\/medirelax.nl\\\/#organization\"},\"alternateName\":\"Ontspanning op elk moment: Beleef ultieme rust met onze massagestoelen.\",\"potentialAction\":[{\"@type\":\"SearchAction\",\"target\":{\"@type\":\"EntryPoint\",\"urlTemplate\":\"https:\\\/\\\/medirelax.nl\\\/?s={search_term_string}\"},\"query-input\":{\"@type\":\"PropertyValueSpecification\",\"valueRequired\":true,\"valueName\":\"search_term_string\"}}],\"inLanguage\":\"it-IT\"},{\"@type\":\"Organization\",\"@id\":\"https:\\\/\\\/medirelax.nl\\\/#organization\",\"name\":\"MediRelaxa\",\"url\":\"https:\\\/\\\/medirelax.nl\\\/\",\"logo\":{\"@type\":\"ImageObject\",\"inLanguage\":\"it-IT\",\"@id\":\"https:\\\/\\\/medirelax.nl\\\/#\\\/schema\\\/logo\\\/image\\\/\",\"url\":\"https:\\\/\\\/i0.wp.com\\\/medirelax.nl\\\/wp-content\\\/uploads\\\/2024\\\/06\\\/medirelaxa-logo-vierkant-nl.jpg?fit=1300%2C1300&ssl=1\",\"contentUrl\":\"https:\\\/\\\/i0.wp.com\\\/medirelax.nl\\\/wp-content\\\/uploads\\\/2024\\\/06\\\/medirelaxa-logo-vierkant-nl.jpg?fit=1300%2C1300&ssl=1\",\"width\":1300,\"height\":1300,\"caption\":\"MediRelaxa\"},\"image\":{\"@id\":\"https:\\\/\\\/medirelax.nl\\\/#\\\/schema\\\/logo\\\/image\\\/\"},\"sameAs\":[\"https:\\\/\\\/www.youtube.com\\\/@MediRelaxa\"]},{\"@type\":\"Person\",\"@id\":\"https:\\\/\\\/medirelax.nl\\\/#\\\/schema\\\/person\\\/b6e82d5b35f7bf940a363103a12c4afe\",\"name\":\"medirelax.nl\",\"image\":{\"@type\":\"ImageObject\",\"inLanguage\":\"it-IT\",\"@id\":\"https:\\\/\\\/secure.gravatar.com\\\/avatar\\\/ad44fb14fd0a3dc2f3745a80985703abc6fa61f557cd11e42238baf0d962b48e?s=96&d=mm&r=g\",\"url\":\"https:\\\/\\\/secure.gravatar.com\\\/avatar\\\/ad44fb14fd0a3dc2f3745a80985703abc6fa61f557cd11e42238baf0d962b48e?s=96&d=mm&r=g\",\"contentUrl\":\"https:\\\/\\\/secure.gravatar.com\\\/avatar\\\/ad44fb14fd0a3dc2f3745a80985703abc6fa61f557cd11e42238baf0d962b48e?s=96&d=mm&r=g\",\"caption\":\"medirelax.nl\"},\"sameAs\":[\"http:\\\/\\\/medirelax.nl\"]}]}<\/script>\n<!-- \/ Yoast SEO plugin. -->","yoast_head_json":{"title":"Quanto costa un centro benessere in Belgio?","description":"La spa per la testa \u00e8 l'ultima tendenza in fatto di relax e cura dei capelli, e sempre pi\u00f9 saloni e barbieri in Belgio offrono questo lussuoso trattamento. Ma","robots":{"index":"index","follow":"follow","max-snippet":"max-snippet:-1","max-image-preview":"max-image-preview:large","max-video-preview":"max-video-preview:-1"},"canonical":"https:\/\/medirelax.nl\/it\/quanto-costa-una-head-spa-in-belgio\/","og_locale":"it_IT","og_type":"article","og_title":"Wat kost een head spa in Belgi\u00eb?","og_description":"Een head spa is de nieuwste trend in ontspanning en haarverzorging, en steeds meer salons en kapperszaken in Belgi\u00eb bieden deze luxe behandeling aan. Maar","og_url":"https:\/\/medirelax.nl\/it\/quanto-costa-una-head-spa-in-belgio\/","og_site_name":"MediRelaxa","article_published_time":"2025-02-05T15:53:47+00:00","article_modified_time":"2025-02-14T01:47:10+00:00","og_image":[{"width":1333,"height":1000,"url":"https:\/\/medirelax.nl\/wp-content\/uploads\/2025\/02\/Screenshot-2025-02-04-at-14.45.55-min.jpg","type":"image\/jpeg"}],"author":"medirelax.nl","twitter_card":"summary_large_image","twitter_misc":{"Scritto da":"medirelax.nl","Tempo di lettura stimato":"4 minuti"},"schema":{"@context":"https:\/\/schema.org","@graph":[{"@type":"Article","@id":"https:\/\/medirelax.nl\/wat-kost-een-head-spa-in-belgie\/#article","isPartOf":{"@id":"https:\/\/medirelax.nl\/wat-kost-een-head-spa-in-belgie\/"},"author":{"name":"medirelax.nl","@id":"https:\/\/medirelax.nl\/#\/schema\/person\/b6e82d5b35f7bf940a363103a12c4afe"},"headline":"Wat kost een head spa in Belgi\u00eb?","datePublished":"2025-02-05T15:53:47+00:00","dateModified":"2025-02-14T01:47:10+00:00","mainEntityOfPage":{"@id":"https:\/\/medirelax.nl\/wat-kost-een-head-spa-in-belgie\/"},"wordCount":493,"commentCount":0,"publisher":{"@id":"https:\/\/medirelax.nl\/#organization"},"image":{"@id":"https:\/\/medirelax.nl\/wat-kost-een-head-spa-in-belgie\/#primaryimage"},"thumbnailUrl":"https:\/\/i0.wp.com\/medirelax.nl\/wp-content\/uploads\/2025\/02\/Screenshot-2025-02-04-at-14.45.55-min.jpg?fit=1333%2C1000&ssl=1","articleSection":["Blog"],"inLanguage":"it-IT","potentialAction":[{"@type":"CommentAction","name":"Comment","target":["https:\/\/medirelax.nl\/wat-kost-een-head-spa-in-belgie\/#respond"]}]},{"@type":"WebPage","@id":"https:\/\/medirelax.nl\/wat-kost-een-head-spa-in-belgie\/","url":"https:\/\/medirelax.nl\/wat-kost-een-head-spa-in-belgie\/","name":"Quanto costa un centro benessere in Belgio?","isPartOf":{"@id":"https:\/\/medirelax.nl\/#website"},"primaryImageOfPage":{"@id":"https:\/\/medirelax.nl\/wat-kost-een-head-spa-in-belgie\/#primaryimage"},"image":{"@id":"https:\/\/medirelax.nl\/wat-kost-een-head-spa-in-belgie\/#primaryimage"},"thumbnailUrl":"https:\/\/i0.wp.com\/medirelax.nl\/wp-content\/uploads\/2025\/02\/Screenshot-2025-02-04-at-14.45.55-min.jpg?fit=1333%2C1000&ssl=1","datePublished":"2025-02-05T15:53:47+00:00","dateModified":"2025-02-14T01:47:10+00:00","description":"La spa per la testa \u00e8 l'ultima tendenza in fatto di relax e cura dei capelli, e sempre pi\u00f9 saloni e barbieri in Belgio offrono questo lussuoso trattamento. Ma","inLanguage":"it-IT","potentialAction":[{"@type":"ReadAction","target":["https:\/\/medirelax.nl\/wat-kost-een-head-spa-in-belgie\/"]}]},{"@type":"ImageObject","inLanguage":"it-IT","@id":"https:\/\/medirelax.nl\/wat-kost-een-head-spa-in-belgie\/#primaryimage","url":"https:\/\/i0.wp.com\/medirelax.nl\/wp-content\/uploads\/2025\/02\/Screenshot-2025-02-04-at-14.45.55-min.jpg?fit=1333%2C1000&ssl=1","contentUrl":"https:\/\/i0.wp.com\/medirelax.nl\/wp-content\/uploads\/2025\/02\/Screenshot-2025-02-04-at-14.45.55-min.jpg?fit=1333%2C1000&ssl=1","width":1333,"height":1000,"caption":"head spa belgie"},{"@type":"WebSite","@id":"https:\/\/medirelax.nl\/#website","url":"https:\/\/medirelax.nl\/","name":"MediRelaxa","description":"Relax di lusso sulle nostre poltrone da massaggio di design","publisher":{"@id":"https:\/\/medirelax.nl\/#organization"},"alternateName":"Ontspanning op elk moment: Beleef ultieme rust met onze massagestoelen.","potentialAction":[{"@type":"SearchAction","target":{"@type":"EntryPoint","urlTemplate":"https:\/\/medirelax.nl\/?s={search_term_string}"},"query-input":{"@type":"PropertyValueSpecification","valueRequired":true,"valueName":"search_term_string"}}],"inLanguage":"it-IT"},{"@type":"Organization","@id":"https:\/\/medirelax.nl\/#organization","name":"MediRelaxa","url":"https:\/\/medirelax.nl\/","logo":{"@type":"ImageObject","inLanguage":"it-IT","@id":"https:\/\/medirelax.nl\/#\/schema\/logo\/image\/","url":"https:\/\/i0.wp.com\/medirelax.nl\/wp-content\/uploads\/2024\/06\/medirelaxa-logo-vierkant-nl.jpg?fit=1300%2C1300&ssl=1","contentUrl":"https:\/\/i0.wp.com\/medirelax.nl\/wp-content\/uploads\/2024\/06\/medirelaxa-logo-vierkant-nl.jpg?fit=1300%2C1300&ssl=1","width":1300,"height":1300,"caption":"MediRelaxa"},"image":{"@id":"https:\/\/medirelax.nl\/#\/schema\/logo\/image\/"},"sameAs":["https:\/\/www.youtube.com\/@MediRelaxa"]},{"@type":"Person","@id":"https:\/\/medirelax.nl\/#\/schema\/person\/b6e82d5b35f7bf940a363103a12c4afe","name":"medirelax.nl","image":{"@type":"ImageObject","inLanguage":"it-IT","@id":"https:\/\/secure.gravatar.com\/avatar\/ad44fb14fd0a3dc2f3745a80985703abc6fa61f557cd11e42238baf0d962b48e?s=96&d=mm&r=g","url":"https:\/\/secure.gravatar.com\/avatar\/ad44fb14fd0a3dc2f3745a80985703abc6fa61f557cd11e42238baf0d962b48e?s=96&d=mm&r=g","contentUrl":"https:\/\/secure.gravatar.com\/avatar\/ad44fb14fd0a3dc2f3745a80985703abc6fa61f557cd11e42238baf0d962b48e?s=96&d=mm&r=g","caption":"medirelax.nl"},"sameAs":["http:\/\/medirelax.nl"]}]}},"jetpack_featured_media_url":"https:\/\/i0.wp.com\/medirelax.nl\/wp-content\/uploads\/2025\/02\/Screenshot-2025-02-04-at-14.45.55-min.jpg?fit=1333%2C1000&ssl=1","jetpack_sharing_enabled":true,"_links":{"self":[{"href":"https:\/\/medirelax.nl\/it\/wp-json\/wp\/v2\/posts\/9065","targetHints":{"allow":["GET"]}}],"collection":[{"href":"https:\/\/medirelax.nl\/it\/wp-json\/wp\/v2\/posts"}],"about":[{"href":"https:\/\/medirelax.nl\/it\/wp-json\/wp\/v2\/types\/post"}],"author":[{"embeddable":true,"href":"https:\/\/medirelax.nl\/it\/wp-json\/wp\/v2\/users\/1"}],"replies":[{"embeddable":true,"href":"https:\/\/medirelax.nl\/it\/wp-json\/wp\/v2\/comments?post=9065"}],"version-history":[{"count":7,"href":"https:\/\/medirelax.nl\/it\/wp-json\/wp\/v2\/posts\/9065\/revisions"}],"predecessor-version":[{"id":9666,"href":"https:\/\/medirelax.nl\/it\/wp-json\/wp\/v2\/posts\/9065\/revisions\/9666"}],"wp:featuredmedia":[{"embeddable":true,"href":"https:\/\/medirelax.nl\/it\/wp-json\/wp\/v2\/media\/9067"}],"wp:attachment":[{"href":"https:\/\/medirelax.nl\/it\/wp-json\/wp\/v2\/media?parent=9065"}],"wp:term":[{"taxonomy":"category","embeddable":true,"href":"https:\/\/medirelax.nl\/it\/wp-json\/wp\/v2\/categories?post=9065"},{"taxonomy":"post_tag","embeddable":true,"href":"https:\/\/medirelax.nl\/it\/wp-json\/wp\/v2\/tags?post=9065"}],"curies":[{"name":"wp","href":"https:\/\/api.w.org\/{rel}","templated":true}]}}