{"id":8365,"date":"2025-01-15T15:14:42","date_gmt":"2025-01-15T15:14:42","guid":{"rendered":"https:\/\/medirelax.nl\/?p=8365"},"modified":"2025-01-15T15:16:35","modified_gmt":"2025-01-15T15:16:35","slug":"maladie-mentale-due-a-lemployeur-que-faire-maintenant","status":"publish","type":"post","link":"https:\/\/medirelax.nl\/fr\/maladie-mentale-due-a-lemployeur-que-faire-maintenant\/","title":{"rendered":"Maladie psychologique due \u00e0 l'employeur, que faire ?"},"content":{"rendered":"<div data-elementor-type=\"wp-post\" data-elementor-id=\"8365\" class=\"elementor elementor-8365\" data-elementor-post-type=\"post\">\n\t\t\t\t<div class=\"elementor-element elementor-element-5949ebf e-flex e-con-boxed e-con e-parent\" data-id=\"5949ebf\" data-element_type=\"container\" data-e-type=\"container\">\n\t\t\t\t\t<div class=\"e-con-inner\">\n\t\t\t\t<div class=\"elementor-element elementor-element-fc5c181 elementor-widget elementor-widget-text-editor\" data-id=\"fc5c181\" data-element_type=\"widget\" data-e-type=\"widget\" data-widget_type=\"text-editor.default\">\n\t\t\t\t<div class=\"elementor-widget-container\">\n\t\t\t\t\t\t\t\t\t<p>Le travail est cens\u00e9 contribuer au bien-\u00eatre, mais malheureusement le lieu de travail peut aussi \u00eatre une source de stress et de surcharge mentale. Dans certains cas, la situation de travail peut m\u00eame entra\u00eener des sympt\u00f4mes psychologiques tels que l'\u00e9puisement professionnel, la d\u00e9pression ou les troubles anxieux. Que pouvez-vous faire si votre employeur vous rend malade mentalement ? Dans cet article, nous examinons vos droits, les d\u00e9marches possibles et les moyens de demander de l'aide. <a href=\"#massagestoel\">Plus d'informations...<\/a><\/p>\t\t\t\t\t\t\t\t<\/div>\n\t\t\t\t<\/div>\n\t\t\t\t<div class=\"elementor-element elementor-element-5c5a7d6 elementor-widget elementor-widget-image\" data-id=\"5c5a7d6\" data-element_type=\"widget\" data-e-type=\"widget\" data-widget_type=\"image.default\">\n\t\t\t\t<div class=\"elementor-widget-container\">\n\t\t\t\t\t\t\t\t\t\t\t\t\t\t\t<img fetchpriority=\"high\" decoding=\"async\" width=\"1333\" height=\"1000\" src=\"https:\/\/i0.wp.com\/medirelax.nl\/wp-content\/uploads\/2025\/01\/Psychisch-ziek-door-werkgever-min.jpg?fit=1333%2C1000&amp;ssl=1\" class=\"attachment-full size-full wp-image-8366\" alt=\"Maladie psychologique due \u00e0 l&#039;employeur\" srcset=\"https:\/\/i0.wp.com\/medirelax.nl\/wp-content\/uploads\/2025\/01\/Psychisch-ziek-door-werkgever-min.jpg?w=1333&amp;ssl=1 1333w, https:\/\/i0.wp.com\/medirelax.nl\/wp-content\/uploads\/2025\/01\/Psychisch-ziek-door-werkgever-min.jpg?resize=300%2C225&amp;ssl=1 300w, https:\/\/i0.wp.com\/medirelax.nl\/wp-content\/uploads\/2025\/01\/Psychisch-ziek-door-werkgever-min.jpg?resize=1024%2C768&amp;ssl=1 1024w, https:\/\/i0.wp.com\/medirelax.nl\/wp-content\/uploads\/2025\/01\/Psychisch-ziek-door-werkgever-min.jpg?resize=768%2C576&amp;ssl=1 768w, https:\/\/i0.wp.com\/medirelax.nl\/wp-content\/uploads\/2025\/01\/Psychisch-ziek-door-werkgever-min.jpg?resize=16%2C12&amp;ssl=1 16w\" sizes=\"(max-width: 1290px) 100vw, 1290px\" \/>\t\t\t\t\t\t\t\t\t\t\t\t\t\t\t<\/div>\n\t\t\t\t<\/div>\n\t\t\t\t<div class=\"elementor-element elementor-element-20df195 elementor-widget elementor-widget-menu-anchor\" data-id=\"20df195\" data-element_type=\"widget\" data-e-type=\"widget\" data-widget_type=\"menu-anchor.default\">\n\t\t\t\t<div class=\"elementor-widget-container\">\n\t\t\t\t\t\t\t<div class=\"elementor-menu-anchor\" id=\"massagestoel\"><\/div>\n\t\t\t\t\t\t<\/div>\n\t\t\t\t<\/div>\n\t\t\t\t<div class=\"elementor-element elementor-element-9ff28c5 elementor-widget elementor-widget-heading\" data-id=\"9ff28c5\" data-element_type=\"widget\" data-e-type=\"widget\" data-widget_type=\"heading.default\">\n\t\t\t\t<div class=\"elementor-widget-container\">\n\t\t\t\t\t<h2 class=\"elementor-heading-title elementor-size-default\">Que signifie \"malade mental du fait de l'employeur\" ?\n<\/h2>\t\t\t\t<\/div>\n\t\t\t\t<\/div>\n\t\t\t\t<div class=\"elementor-element elementor-element-4311475 elementor-widget elementor-widget-text-editor\" data-id=\"4311475\" data-element_type=\"widget\" data-e-type=\"widget\" data-widget_type=\"text-editor.default\">\n\t\t\t\t<div class=\"elementor-widget-container\">\n\t\t\t\t\t\t\t\t\t<p>Les plaintes psychologiques de l'employeur sont souvent dues \u00e0 des facteurs tels que<\/p><ul><li><strong>Charge de travail \u00e9lev\u00e9e<\/strong>Les maladies cardiovasculaires : Surcharge structurelle sans p\u00e9riodes de repos ad\u00e9quates.<\/li><li><strong>Environnement de travail dangereux<\/strong>Les enfants de moins de 18 ans : brimades, intimidations ou manque de respect.<\/li><li><strong>Manque de soutien<\/strong>Les attentes irr\u00e9alistes et les orientations insuffisantes.<\/li><li><strong>Conflits sur le lieu de travail<\/strong>Les tensions non r\u00e9solues avec des coll\u00e8gues ou des sup\u00e9rieurs hi\u00e9rarchiques.<\/li><\/ul><p>Ces conditions peuvent entra\u00eener une surcharge mentale et, dans les cas les plus graves, une maladie mentale.<\/p>\t\t\t\t\t\t\t\t<\/div>\n\t\t\t\t<\/div>\n\t\t\t\t<div class=\"elementor-element elementor-element-875e50a elementor-widget elementor-widget-heading\" data-id=\"875e50a\" data-element_type=\"widget\" data-e-type=\"widget\" data-widget_type=\"heading.default\">\n\t\t\t\t<div class=\"elementor-widget-container\">\n\t\t\t\t\t<h2 class=\"elementor-heading-title elementor-size-default\">Vos droits en tant que salari\u00e9\n<\/h2>\t\t\t\t<\/div>\n\t\t\t\t<\/div>\n\t\t\t\t<div class=\"elementor-element elementor-element-809eb9d elementor-widget elementor-widget-text-editor\" data-id=\"809eb9d\" data-element_type=\"widget\" data-e-type=\"widget\" data-widget_type=\"text-editor.default\">\n\t\t\t\t<div class=\"elementor-widget-container\">\n\t\t\t\t\t\t\t\t\t<p>Si votre travail vous rend malade, vous avez des droits qui vous prot\u00e8gent :<\/p><ol><li><p><strong>Droit au cong\u00e9 de maladie<\/strong><\/p><ul><li>Vous avez droit \u00e0 un cong\u00e9 si vous \u00eates incapable de travailler en raison d'une maladie mentale.<\/li><li>Vous b\u00e9n\u00e9ficierez d'un maintien (partiel) de votre r\u00e9mun\u00e9ration pendant la maladie, en fonction de votre contrat et de la l\u00e9gislation locale.<\/li><\/ul><\/li><li><p><strong>Droit au conseil<\/strong><\/p><ul><li>Votre employeur doit soutenir la r\u00e9int\u00e9gration et vous aider \u00e0 reprendre le travail.<\/li><li>Cela peut se faire en collaboration avec un m\u00e9decin du travail ou un service de sant\u00e9 et de s\u00e9curit\u00e9 au travail.<\/li><\/ul><\/li><li><p><strong>Protection contre le licenciement<\/strong><\/p><ul><li>Pendant la maladie, votre employeur n'a pas le droit de vous licencier.<\/li><li>Le licenciement pour cause de maladie n'est possible que dans des conditions strictes, par exemple apr\u00e8s un cong\u00e9 de maladie de longue dur\u00e9e.<\/li><\/ul><\/li><li><p><strong>Responsabilit\u00e9 de l'employeur<\/strong><\/p><ul><li>Selon la loi sur la sant\u00e9 et la s\u00e9curit\u00e9 au travail, votre employeur doit vous fournir un lieu de travail s\u00fbr et sain.<\/li><li>Si vos plaintes d\u00e9coulent de la n\u00e9gligence de l'employeur, vous pouvez envisager une action en justice.<\/li><\/ul><\/li><\/ol>\t\t\t\t\t\t\t\t<\/div>\n\t\t\t\t<\/div>\n\t\t\t\t<div class=\"elementor-element elementor-element-92fe439 elementor-widget elementor-widget-heading\" data-id=\"92fe439\" data-element_type=\"widget\" data-e-type=\"widget\" data-widget_type=\"heading.default\">\n\t\t\t\t<div class=\"elementor-widget-container\">\n\t\t\t\t\t<h2 class=\"elementor-heading-title elementor-size-default\">Que pouvez-vous faire ?\n<\/h2>\t\t\t\t<\/div>\n\t\t\t\t<\/div>\n\t\t\t\t<div class=\"elementor-element elementor-element-afaf38d elementor-widget elementor-widget-text-editor\" data-id=\"afaf38d\" data-element_type=\"widget\" data-e-type=\"widget\" data-widget_type=\"text-editor.default\">\n\t\t\t\t<div class=\"elementor-widget-container\">\n\t\t\t\t\t\t\t\t\t<h4>1. <strong>Se faire porter p\u00e2le<\/strong><\/h4><p>Si vous constatez que vous \u00eates mentalement incapable de travailler, signalez-le \u00e0 votre sup\u00e9rieur ou au service des ressources humaines. Soyez honn\u00eate quant \u00e0 la cause de vos sympt\u00f4mes.<\/p><h4>2. <strong>Demander une aide m\u00e9dicale<\/strong><\/h4><p>Contactez votre m\u00e9decin g\u00e9n\u00e9raliste ou un psychologue. Ils peuvent vous aider \u00e0 \u00e9valuer votre situation et \u00e0 \u00e9laborer un plan de traitement.<\/p><h4>3. <strong>Consultation du m\u00e9decin du travail<\/strong><\/h4><p>Le m\u00e9decin du travail \u00e9value votre capacit\u00e9 de travail et vous conseille sur les possibilit\u00e9s d'adaptation du poste de travail. Cela peut aller d'un travail temporaire adapt\u00e9 \u00e0 un repos complet.<\/p><h4>4. <strong>Parler \u00e0 un confident<\/strong><\/h4><p>Si votre lieu de travail dispose d'un conseiller confidentiel, discutez de votre situation. Il peut vous apporter son soutien et vous aider \u00e0 trouver une solution.<\/p><h4>5. <strong>Envisager une action en justice<\/strong><\/h4><p>Si vos plaintes r\u00e9sultent directement d'une n\u00e9gligence ou d'un traitement inappropri\u00e9 de la part de votre employeur, vous pouvez demander un conseil juridique. Un avocat sp\u00e9cialis\u00e9 dans le droit du travail peut vous aider \u00e0 cet \u00e9gard.<\/p><h4>6. <strong>L'accent mis sur le r\u00e9tablissement<\/strong><\/h4><p>Prenez soin de vous en vous reposant et en suivant \u00e9ventuellement une th\u00e9rapie. Essayez de r\u00e9duire le stress par des activit\u00e9s de relaxation telles que la marche, la m\u00e9ditation ou l'utilisation d'outils tels qu'un fauteuil de massage.<\/p>\t\t\t\t\t\t\t\t<\/div>\n\t\t\t\t<\/div>\n\t\t\t\t<div class=\"elementor-element elementor-element-87879e6 elementor-widget elementor-widget-heading\" data-id=\"87879e6\" data-element_type=\"widget\" data-e-type=\"widget\" data-widget_type=\"heading.default\">\n\t\t\t\t<div class=\"elementor-widget-container\">\n\t\t\t\t\t<h2 class=\"elementor-heading-title elementor-size-default\">Comment promouvoir le r\u00e9tablissement ?\n<\/h2>\t\t\t\t<\/div>\n\t\t\t\t<\/div>\n\t\t\t\t<div class=\"elementor-element elementor-element-09669be elementor-widget elementor-widget-text-editor\" data-id=\"09669be\" data-element_type=\"widget\" data-e-type=\"widget\" data-widget_type=\"text-editor.default\">\n\t\t\t\t<div class=\"elementor-widget-container\">\n\t\t\t\t\t\t\t\t\t<p>Outre l'aide professionnelle, il existe d'autres moyens de soutenir votre r\u00e9tablissement :<\/p><ul><li><strong>Relaxation physique<\/strong>Le massage : Utilisez un fauteuil de massage pour soulager les tensions de votre corps et r\u00e9duire le stress.<\/li><li><strong>Structure et routine<\/strong>Les personnes en cong\u00e9 de maladie : Essayez de respecter un horaire quotidien fixe, m\u00eame en cas de cong\u00e9 de maladie.<\/li><li><strong>Mode de vie sain<\/strong>Les enfants de moins de 18 ans sont les plus vuln\u00e9rables : ils mangent sainement, font de l'exercice r\u00e9guli\u00e8rement et dorment suffisamment.<\/li><li><strong>Fixer des limites<\/strong>Apprendre \u00e0 dire \"non\" et \u00e0 fixer des limites, tant au travail que dans la vie priv\u00e9e.<\/li><\/ul>\t\t\t\t\t\t\t\t<\/div>\n\t\t\t\t<\/div>\n\t\t\t\t<div class=\"elementor-element elementor-element-c9dcd61 elementor-widget elementor-widget-heading\" data-id=\"c9dcd61\" data-element_type=\"widget\" data-e-type=\"widget\" data-widget_type=\"heading.default\">\n\t\t\t\t<div class=\"elementor-widget-container\">\n\t\t\t\t\t<h2 class=\"elementor-heading-title elementor-size-default\">En conclusion\n<\/h2>\t\t\t\t<\/div>\n\t\t\t\t<\/div>\n\t\t\t\t<div class=\"elementor-element elementor-element-b40bf41 elementor-widget elementor-widget-text-editor\" data-id=\"b40bf41\" data-element_type=\"widget\" data-e-type=\"widget\" data-widget_type=\"text-editor.default\">\n\t\t\t\t<div class=\"elementor-widget-container\">\n\t\t\t\t\t\t\t\t\t<p>Tomber malade mentalement \u00e0 cause du travail est une situation grave qui n\u00e9cessite de l'attention et des mesures. En tant qu'employ\u00e9, vous avez le droit et la possibilit\u00e9 de demander de l'aide et de promouvoir votre r\u00e9tablissement. Les employeurs ont la responsabilit\u00e9 de fournir un environnement de travail s\u00fbr et sain. En travaillant ensemble et en prenant des mesures opportunes, vous pouvez vous r\u00e9tablir et retrouver votre \u00e9quilibre. Prenez votre situation en main et n'ayez pas peur de demander de l'aide.<\/p>\t\t\t\t\t\t\t\t<\/div>\n\t\t\t\t<\/div>\n\t\t\t\t\t<\/div>\n\t\t\t\t<\/div>\n\t\t<div class=\"elementor-element elementor-element-fb3c024 e-flex e-con-boxed e-con e-parent\" data-id=\"fb3c024\" data-element_type=\"container\" data-e-type=\"container\">\n\t\t\t\t\t<div class=\"e-con-inner\">\n\t\t\t\t<div class=\"elementor-element elementor-element-6e99a4a elementor-widget elementor-widget-heading\" data-id=\"6e99a4a\" data-element_type=\"widget\" data-e-type=\"widget\" data-widget_type=\"heading.default\">\n\t\t\t\t<div class=\"elementor-widget-container\">\n\t\t\t\t\t<h2 class=\"elementor-heading-title elementor-size-default\">Top 3 des meilleurs fauteuils de massage<\/h2>\t\t\t\t<\/div>\n\t\t\t\t<\/div>\n\t\t\t\t\t<\/div>\n\t\t\t\t<\/div>\n\t\t<div class=\"elementor-element elementor-element-4275d9e e-flex e-con-boxed e-con e-parent\" data-id=\"4275d9e\" data-element_type=\"container\" data-e-type=\"container\">\n\t\t\t\t\t<div class=\"e-con-inner\">\n\t\t<div class=\"elementor-element elementor-element-92d87c1 e-con-full e-flex e-con e-child\" data-id=\"92d87c1\" data-element_type=\"container\" data-e-type=\"container\">\n\t\t\t\t<div class=\"elementor-element elementor-element-fd416e5 elementor-widget elementor-widget-text-editor\" data-id=\"fd416e5\" data-element_type=\"widget\" data-e-type=\"widget\" data-widget_type=\"text-editor.default\">\n\t\t\t\t<div class=\"elementor-widget-container\">\n\t\t\t\t\t\t\t\t\t<p>COMPACT<\/p>\t\t\t\t\t\t\t\t<\/div>\n\t\t\t\t<\/div>\n\t\t\t\t<div class=\"elementor-element elementor-element-b2ccd7b e-transform elementor-widget elementor-widget-image\" data-id=\"b2ccd7b\" data-element_type=\"widget\" data-e-type=\"widget\" data-settings=\"{&quot;_transform_scale_effect_hover&quot;:{&quot;unit&quot;:&quot;px&quot;,&quot;size&quot;:1.07,&quot;sizes&quot;:[]},&quot;_transform_scale_effect_hover_tablet&quot;:{&quot;unit&quot;:&quot;px&quot;,&quot;size&quot;:&quot;&quot;,&quot;sizes&quot;:[]},&quot;_transform_scale_effect_hover_mobile&quot;:{&quot;unit&quot;:&quot;px&quot;,&quot;size&quot;:&quot;&quot;,&quot;sizes&quot;:[]}}\" data-widget_type=\"image.default\">\n\t\t\t\t<div class=\"elementor-widget-container\">\n\t\t\t\t\t\t\t\t\t\t\t\t\t\t\t\t<a href=\"https:\/\/medirelax.nl\/fr\/produit\/casada-ecosonic-silver\/\">\n\t\t\t\t\t\t\t<img decoding=\"async\" width=\"1024\" height=\"682\" src=\"https:\/\/i0.wp.com\/medirelax.nl\/wp-content\/uploads\/2024\/11\/Casada-Alphasonic-III-blackred-14-min.jpg?fit=1024%2C682&amp;ssl=1\" class=\"attachment-large size-large wp-image-6510\" alt=\"\" srcset=\"https:\/\/i0.wp.com\/medirelax.nl\/wp-content\/uploads\/2024\/11\/Casada-Alphasonic-III-blackred-14-min.jpg?w=2000&amp;ssl=1 2000w, https:\/\/i0.wp.com\/medirelax.nl\/wp-content\/uploads\/2024\/11\/Casada-Alphasonic-III-blackred-14-min.jpg?resize=300%2C200&amp;ssl=1 300w, https:\/\/i0.wp.com\/medirelax.nl\/wp-content\/uploads\/2024\/11\/Casada-Alphasonic-III-blackred-14-min.jpg?resize=1024%2C682&amp;ssl=1 1024w, https:\/\/i0.wp.com\/medirelax.nl\/wp-content\/uploads\/2024\/11\/Casada-Alphasonic-III-blackred-14-min.jpg?resize=768%2C512&amp;ssl=1 768w, https:\/\/i0.wp.com\/medirelax.nl\/wp-content\/uploads\/2024\/11\/Casada-Alphasonic-III-blackred-14-min.jpg?resize=1536%2C1024&amp;ssl=1 1536w, https:\/\/i0.wp.com\/medirelax.nl\/wp-content\/uploads\/2024\/11\/Casada-Alphasonic-III-blackred-14-min.jpg?resize=18%2C12&amp;ssl=1 18w\" sizes=\"(max-width: 1024px) 100vw, 1024px\" \/>\t\t\t\t\t\t\t\t<\/a>\n\t\t\t\t\t\t\t\t\t\t\t\t\t\t\t<\/div>\n\t\t\t\t<\/div>\n\t\t\t\t<div class=\"elementor-element elementor-element-bea857e elementor-widget elementor-widget-text-editor\" data-id=\"bea857e\" data-element_type=\"widget\" data-e-type=\"widget\" data-widget_type=\"text-editor.default\">\n\t\t\t\t<div class=\"elementor-widget-container\">\n\t\t\t\t\t\t\t\t\t<p>ECOSONIC<\/p>\t\t\t\t\t\t\t\t<\/div>\n\t\t\t\t<\/div>\n\t\t\t\t<div class=\"elementor-element elementor-element-0311661 elementor-widget elementor-widget-text-editor\" data-id=\"0311661\" data-element_type=\"widget\" data-e-type=\"widget\" data-widget_type=\"text-editor.default\">\n\t\t\t\t<div class=\"elementor-widget-container\">\n\t\t\t\t\t\t\t\t\t<ul><li>Massage en 3D<\/li><li>Convient jusqu'\u00e0 1,85 m<\/li><li><em>Taille : 104 x 70 cm<\/em><\/li><\/ul>\t\t\t\t\t\t\t\t<\/div>\n\t\t\t\t<\/div>\n\t\t\t\t<div class=\"elementor-element elementor-element-8f1ea26 elementor-widget elementor-widget-text-editor\" data-id=\"8f1ea26\" data-element_type=\"widget\" data-e-type=\"widget\" data-widget_type=\"text-editor.default\">\n\t\t\t\t<div class=\"elementor-widget-container\">\n\t\t\t\t\t\t\t\t\t<p>\u20ac2490<\/p>\t\t\t\t\t\t\t\t<\/div>\n\t\t\t\t<\/div>\n\t\t\t\t<div class=\"elementor-element elementor-element-feeeece elementor-align-justify elementor-widget elementor-widget-button\" data-id=\"feeeece\" data-element_type=\"widget\" data-e-type=\"widget\" data-widget_type=\"button.default\">\n\t\t\t\t<div class=\"elementor-widget-container\">\n\t\t\t\t\t\t\t\t\t<div class=\"elementor-button-wrapper\">\n\t\t\t\t\t<a class=\"elementor-button elementor-button-link elementor-size-sm\" href=\"https:\/\/medirelax.nl\/fr\/produit\/casada-ecosonic-silver\/\">\n\t\t\t\t\t\t<span class=\"elementor-button-content-wrapper\">\n\t\t\t\t\t\t\t\t\t<span class=\"elementor-button-text\">VIEW ECOSONIC<\/span>\n\t\t\t\t\t<\/span>\n\t\t\t\t\t<\/a>\n\t\t\t\t<\/div>\n\t\t\t\t\t\t\t\t<\/div>\n\t\t\t\t<\/div>\n\t\t\t\t<\/div>\n\t\t<div class=\"elementor-element elementor-element-826f59e e-con-full e-flex e-con e-child\" data-id=\"826f59e\" data-element_type=\"container\" data-e-type=\"container\">\n\t\t\t\t<div class=\"elementor-element elementor-element-8ad679e elementor-widget elementor-widget-text-editor\" data-id=\"8ad679e\" data-element_type=\"widget\" data-e-type=\"widget\" data-widget_type=\"text-editor.default\">\n\t\t\t\t<div class=\"elementor-widget-container\">\n\t\t\t\t\t\t\t\t\t<p>*MOST CHOSEN* (LE PLUS CHOISI)<\/p>\t\t\t\t\t\t\t\t<\/div>\n\t\t\t\t<\/div>\n\t\t\t\t<div class=\"elementor-element elementor-element-8d746b0 e-transform elementor-widget elementor-widget-image\" data-id=\"8d746b0\" data-element_type=\"widget\" data-e-type=\"widget\" data-settings=\"{&quot;_transform_scale_effect_hover&quot;:{&quot;unit&quot;:&quot;px&quot;,&quot;size&quot;:1.07,&quot;sizes&quot;:[]},&quot;_transform_scale_effect_hover_tablet&quot;:{&quot;unit&quot;:&quot;px&quot;,&quot;size&quot;:&quot;&quot;,&quot;sizes&quot;:[]},&quot;_transform_scale_effect_hover_mobile&quot;:{&quot;unit&quot;:&quot;px&quot;,&quot;size&quot;:&quot;&quot;,&quot;sizes&quot;:[]}}\" data-widget_type=\"image.default\">\n\t\t\t\t<div class=\"elementor-widget-container\">\n\t\t\t\t\t\t\t\t\t\t\t\t\t\t\t\t<a href=\"https:\/\/medirelax.nl\/fr\/produit\/ogawa-cosmo-x2-moka\/\">\n\t\t\t\t\t\t\t<img decoding=\"async\" width=\"1024\" height=\"682\" src=\"https:\/\/i0.wp.com\/medirelax.nl\/wp-content\/uploads\/2025\/01\/Ogawa-BioVis-11-min.jpg?fit=1024%2C682&amp;ssl=1\" class=\"attachment-large size-large wp-image-7469\" alt=\"\" srcset=\"https:\/\/i0.wp.com\/medirelax.nl\/wp-content\/uploads\/2025\/01\/Ogawa-BioVis-11-min.jpg?w=2000&amp;ssl=1 2000w, https:\/\/i0.wp.com\/medirelax.nl\/wp-content\/uploads\/2025\/01\/Ogawa-BioVis-11-min.jpg?resize=300%2C200&amp;ssl=1 300w, https:\/\/i0.wp.com\/medirelax.nl\/wp-content\/uploads\/2025\/01\/Ogawa-BioVis-11-min.jpg?resize=1024%2C682&amp;ssl=1 1024w, https:\/\/i0.wp.com\/medirelax.nl\/wp-content\/uploads\/2025\/01\/Ogawa-BioVis-11-min.jpg?resize=768%2C512&amp;ssl=1 768w, https:\/\/i0.wp.com\/medirelax.nl\/wp-content\/uploads\/2025\/01\/Ogawa-BioVis-11-min.jpg?resize=1536%2C1024&amp;ssl=1 1536w, https:\/\/i0.wp.com\/medirelax.nl\/wp-content\/uploads\/2025\/01\/Ogawa-BioVis-11-min.jpg?resize=18%2C12&amp;ssl=1 18w\" sizes=\"(max-width: 1024px) 100vw, 1024px\" \/>\t\t\t\t\t\t\t\t<\/a>\n\t\t\t\t\t\t\t\t\t\t\t\t\t\t\t<\/div>\n\t\t\t\t<\/div>\n\t\t\t\t<div class=\"elementor-element elementor-element-69a664d elementor-widget elementor-widget-text-editor\" data-id=\"69a664d\" data-element_type=\"widget\" data-e-type=\"widget\" data-widget_type=\"text-editor.default\">\n\t\t\t\t<div class=\"elementor-widget-container\">\n\t\t\t\t\t\t\t\t\t<p>COSMO X2<\/p>\t\t\t\t\t\t\t\t<\/div>\n\t\t\t\t<\/div>\n\t\t\t\t<div class=\"elementor-element elementor-element-b875e2b elementor-widget elementor-widget-text-editor\" data-id=\"b875e2b\" data-element_type=\"widget\" data-e-type=\"widget\" data-widget_type=\"text-editor.default\">\n\t\t\t\t<div class=\"elementor-widget-container\">\n\t\t\t\t\t\t\t\t\t<ul><li>Massage des pieds<\/li><li>Chaleur infrarouge<\/li><li><em>Taille : 150 x 75 cm<\/em><\/li><\/ul>\t\t\t\t\t\t\t\t<\/div>\n\t\t\t\t<\/div>\n\t\t\t\t<div class=\"elementor-element elementor-element-94df508 elementor-widget elementor-widget-text-editor\" data-id=\"94df508\" data-element_type=\"widget\" data-e-type=\"widget\" data-widget_type=\"text-editor.default\">\n\t\t\t\t<div class=\"elementor-widget-container\">\n\t\t\t\t\t\t\t\t\t<p>\u20ac4595<\/p>\t\t\t\t\t\t\t\t<\/div>\n\t\t\t\t<\/div>\n\t\t\t\t<div class=\"elementor-element elementor-element-f97b7fa elementor-align-justify elementor-widget elementor-widget-button\" data-id=\"f97b7fa\" data-element_type=\"widget\" data-e-type=\"widget\" data-widget_type=\"button.default\">\n\t\t\t\t<div class=\"elementor-widget-container\">\n\t\t\t\t\t\t\t\t\t<div class=\"elementor-button-wrapper\">\n\t\t\t\t\t<a class=\"elementor-button elementor-button-link elementor-size-sm\" href=\"https:\/\/medirelax.nl\/fr\/produit\/ogawa-cosmo-x2-moka\/\">\n\t\t\t\t\t\t<span class=\"elementor-button-content-wrapper\">\n\t\t\t\t\t\t\t\t\t<span class=\"elementor-button-text\">VIEW COSMO X2<\/span>\n\t\t\t\t\t<\/span>\n\t\t\t\t\t<\/a>\n\t\t\t\t<\/div>\n\t\t\t\t\t\t\t\t<\/div>\n\t\t\t\t<\/div>\n\t\t\t\t<\/div>\n\t\t<div class=\"elementor-element elementor-element-2ce6608 e-con-full e-flex e-con e-child\" data-id=\"2ce6608\" data-element_type=\"container\" data-e-type=\"container\">\n\t\t\t\t<div class=\"elementor-element elementor-element-ec9c607 elementor-widget elementor-widget-text-editor\" data-id=\"ec9c607\" data-element_type=\"widget\" data-e-type=\"widget\" data-widget_type=\"text-editor.default\">\n\t\t\t\t<div class=\"elementor-widget-container\">\n\t\t\t\t\t\t\t\t\t<p>TOP MODEL<\/p>\t\t\t\t\t\t\t\t<\/div>\n\t\t\t\t<\/div>\n\t\t\t\t<div class=\"elementor-element elementor-element-06c0fd8 e-transform elementor-widget elementor-widget-image\" data-id=\"06c0fd8\" data-element_type=\"widget\" data-e-type=\"widget\" data-settings=\"{&quot;_transform_scale_effect_hover&quot;:{&quot;unit&quot;:&quot;px&quot;,&quot;size&quot;:1.07,&quot;sizes&quot;:[]},&quot;_transform_scale_effect_hover_tablet&quot;:{&quot;unit&quot;:&quot;px&quot;,&quot;size&quot;:&quot;&quot;,&quot;sizes&quot;:[]},&quot;_transform_scale_effect_hover_mobile&quot;:{&quot;unit&quot;:&quot;px&quot;,&quot;size&quot;:&quot;&quot;,&quot;sizes&quot;:[]}}\" data-widget_type=\"image.default\">\n\t\t\t\t<div class=\"elementor-widget-container\">\n\t\t\t\t\t\t\t\t\t\t\t\t\t\t\t\t<a href=\"https:\/\/medirelax.nl\/fr\/produit\/casada-skyliner3-kaki\/\">\n\t\t\t\t\t\t\t<img loading=\"lazy\" decoding=\"async\" width=\"1024\" height=\"682\" src=\"https:\/\/i0.wp.com\/medirelax.nl\/wp-content\/uploads\/2024\/11\/Casada-Alphasonic-III-blackred-16-min.jpg?fit=1024%2C682&amp;ssl=1\" class=\"attachment-large size-large wp-image-6511\" alt=\"\" srcset=\"https:\/\/i0.wp.com\/medirelax.nl\/wp-content\/uploads\/2024\/11\/Casada-Alphasonic-III-blackred-16-min.jpg?w=2000&amp;ssl=1 2000w, https:\/\/i0.wp.com\/medirelax.nl\/wp-content\/uploads\/2024\/11\/Casada-Alphasonic-III-blackred-16-min.jpg?resize=300%2C200&amp;ssl=1 300w, https:\/\/i0.wp.com\/medirelax.nl\/wp-content\/uploads\/2024\/11\/Casada-Alphasonic-III-blackred-16-min.jpg?resize=1024%2C682&amp;ssl=1 1024w, https:\/\/i0.wp.com\/medirelax.nl\/wp-content\/uploads\/2024\/11\/Casada-Alphasonic-III-blackred-16-min.jpg?resize=768%2C512&amp;ssl=1 768w, https:\/\/i0.wp.com\/medirelax.nl\/wp-content\/uploads\/2024\/11\/Casada-Alphasonic-III-blackred-16-min.jpg?resize=1536%2C1024&amp;ssl=1 1536w, https:\/\/i0.wp.com\/medirelax.nl\/wp-content\/uploads\/2024\/11\/Casada-Alphasonic-III-blackred-16-min.jpg?resize=18%2C12&amp;ssl=1 18w\" sizes=\"(max-width: 1024px) 100vw, 1024px\" \/>\t\t\t\t\t\t\t\t<\/a>\n\t\t\t\t\t\t\t\t\t\t\t\t\t\t\t<\/div>\n\t\t\t\t<\/div>\n\t\t\t\t<div class=\"elementor-element elementor-element-3e1b8ba elementor-widget elementor-widget-text-editor\" data-id=\"3e1b8ba\" data-element_type=\"widget\" data-e-type=\"widget\" data-widget_type=\"text-editor.default\">\n\t\t\t\t<div class=\"elementor-widget-container\">\n\t\t\t\t\t\t\t\t\t<p>SKYLINER III<\/p>\t\t\t\t\t\t\t\t<\/div>\n\t\t\t\t<\/div>\n\t\t\t\t<div class=\"elementor-element elementor-element-595cb4c elementor-widget elementor-widget-text-editor\" data-id=\"595cb4c\" data-element_type=\"widget\" data-e-type=\"widget\" data-widget_type=\"text-editor.default\">\n\t\t\t\t<div class=\"elementor-widget-container\">\n\t\t\t\t\t\t\t\t\t<ul><li>4D+2D Massage<\/li><li>Bilan de sant\u00e9<\/li><li><em>Taille : 177 x 86 cm<\/em><\/li><\/ul>\t\t\t\t\t\t\t\t<\/div>\n\t\t\t\t<\/div>\n\t\t\t\t<div class=\"elementor-element elementor-element-7025d02 elementor-widget elementor-widget-text-editor\" data-id=\"7025d02\" data-element_type=\"widget\" data-e-type=\"widget\" data-widget_type=\"text-editor.default\">\n\t\t\t\t<div class=\"elementor-widget-container\">\n\t\t\t\t\t\t\t\t\t<p>\u20ac12990<\/p>\t\t\t\t\t\t\t\t<\/div>\n\t\t\t\t<\/div>\n\t\t\t\t<div class=\"elementor-element elementor-element-986b5b6 elementor-align-justify elementor-widget elementor-widget-button\" data-id=\"986b5b6\" data-element_type=\"widget\" data-e-type=\"widget\" data-widget_type=\"button.default\">\n\t\t\t\t<div class=\"elementor-widget-container\">\n\t\t\t\t\t\t\t\t\t<div class=\"elementor-button-wrapper\">\n\t\t\t\t\t<a class=\"elementor-button elementor-button-link elementor-size-sm\" href=\"https:\/\/medirelax.nl\/fr\/produit\/casada-skyliner3-kaki\/\">\n\t\t\t\t\t\t<span class=\"elementor-button-content-wrapper\">\n\t\t\t\t\t\t\t\t\t<span class=\"elementor-button-text\">VOIR SKYLINER III<\/span>\n\t\t\t\t\t<\/span>\n\t\t\t\t\t<\/a>\n\t\t\t\t<\/div>\n\t\t\t\t\t\t\t\t<\/div>\n\t\t\t\t<\/div>\n\t\t\t\t<\/div>\n\t\t\t\t\t<\/div>\n\t\t\t\t<\/div>\n\t\t<div class=\"elementor-element elementor-element-e2a25db e-flex e-con-boxed e-con e-parent\" data-id=\"e2a25db\" data-element_type=\"container\" data-e-type=\"container\">\n\t\t\t\t\t<div class=\"e-con-inner\">\n\t\t\t\t<div class=\"elementor-element elementor-element-686e0a5 elementor-widget elementor-widget-heading\" data-id=\"686e0a5\" data-element_type=\"widget\" data-e-type=\"widget\" data-widget_type=\"heading.default\">\n\t\t\t\t<div class=\"elementor-widget-container\">\n\t\t\t\t\t<h2 class=\"elementor-heading-title elementor-size-default\">Voir tous les fauteuils de massage<\/h2>\t\t\t\t<\/div>\n\t\t\t\t<\/div>\n\t\t\t\t<div class=\"elementor-element elementor-element-c487989 elementor-align-right elementor-mobile-align-center elementor-tablet-align-right elementor-widget elementor-widget-button\" data-id=\"c487989\" data-element_type=\"widget\" data-e-type=\"widget\" data-widget_type=\"button.default\">\n\t\t\t\t<div class=\"elementor-widget-container\">\n\t\t\t\t\t\t\t\t\t<div class=\"elementor-button-wrapper\">\n\t\t\t\t\t<a class=\"elementor-button elementor-button-link elementor-size-md\" href=\"https:\/\/medirelax.nl\/fr\/fauteuil-de-massage\/\">\n\t\t\t\t\t\t<span class=\"elementor-button-content-wrapper\">\n\t\t\t\t\t\t<span class=\"elementor-button-icon\">\n\t\t\t\t<svg aria-hidden=\"true\" class=\"e-font-icon-svg e-fas-arrow-right\" viewbox=\"0 0 448 512\" xmlns=\"http:\/\/www.w3.org\/2000\/svg\"><path d=\"M190.5 66.9l22.2-22.2c9.4-9.4 24.6-9.4 33.9 0L441 239c9.4 9.4 9.4 24.6 0 33.9L246.6 467.3c-9.4 9.4-24.6 9.4-33.9 0l-22.2-22.2c-9.5-9.5-9.3-25 .4-34.3L311.4 296H24c-13.3 0-24-10.7-24-24v-32c0-13.3 10.7-24 24-24h287.4L190.9 101.2c-9.8-9.3-10-24.8-.4-34.3z\"><\/path><\/svg>\t\t\t<\/span>\n\t\t\t\t\t\t\t\t\t<span class=\"elementor-button-text\">Tous les fauteuils de massage<\/span>\n\t\t\t\t\t<\/span>\n\t\t\t\t\t<\/a>\n\t\t\t\t<\/div>\n\t\t\t\t\t\t\t\t<\/div>\n\t\t\t\t<\/div>\n\t\t\t\t\t<\/div>\n\t\t\t\t<\/div>\n\t\t<div class=\"elementor-element elementor-element-43cb269 e-flex e-con-boxed e-con e-parent\" data-id=\"43cb269\" data-element_type=\"container\" data-e-type=\"container\" data-settings=\"{&quot;background_background&quot;:&quot;classic&quot;}\">\n\t\t\t\t\t<div class=\"e-con-inner\">\n\t\t<div class=\"elementor-element elementor-element-643d990 e-con-full e-flex e-con e-child\" data-id=\"643d990\" data-element_type=\"container\" data-e-type=\"container\">\n\t\t\t\t<div class=\"elementor-element elementor-element-3a63181 elementor-widget elementor-widget-heading\" data-id=\"3a63181\" data-element_type=\"widget\" data-e-type=\"widget\" data-widget_type=\"heading.default\">\n\t\t\t\t<div class=\"elementor-widget-container\">\n\t\t\t\t\t<h2 class=\"elementor-heading-title elementor-size-default\">A propos de MediRelaxa<\/h2>\t\t\t\t<\/div>\n\t\t\t\t<\/div>\n\t\t\t\t<div class=\"elementor-element elementor-element-fcda263 elementor-widget elementor-widget-text-editor\" data-id=\"fcda263\" data-element_type=\"widget\" data-e-type=\"widget\" data-widget_type=\"text-editor.default\">\n\t\t\t\t<div class=\"elementor-widget-container\">\n\t\t\t\t\t\t\t\t\t<p>MediRelaxa corrige vos douleurs dorsales et votre mobilit\u00e9 tout en vous offrant une relaxation ultime \u00e0 la maison ou au bureau.<br \/>Bas\u00e9s \u00e0 Westerlo, en Belgique, nous livrons nos fauteuils de massage dans toute l'Europe.<\/p>\t\t\t\t\t\t\t\t<\/div>\n\t\t\t\t<\/div>\n\t\t\t\t<div class=\"elementor-element elementor-element-5bcd355 elementor-icon-list--layout-inline elementor-list-item-link-full_width elementor-widget elementor-widget-icon-list\" data-id=\"5bcd355\" data-element_type=\"widget\" data-e-type=\"widget\" data-widget_type=\"icon-list.default\">\n\t\t\t\t<div class=\"elementor-widget-container\">\n\t\t\t\t\t\t\t<ul class=\"elementor-icon-list-items elementor-inline-items\">\n\t\t\t\t\t\t\t<li class=\"elementor-icon-list-item elementor-inline-item\">\n\t\t\t\t\t\t\t\t\t\t\t<span class=\"elementor-icon-list-icon\">\n\t\t\t\t\t\t\t<svg aria-hidden=\"true\" class=\"e-font-icon-svg e-fas-shipping-fast\" viewbox=\"0 0 640 512\" xmlns=\"http:\/\/www.w3.org\/2000\/svg\"><path d=\"M624 352h-16V243.9c0-12.7-5.1-24.9-14.1-33.9L494 110.1c-9-9-21.2-14.1-33.9-14.1H416V48c0-26.5-21.5-48-48-48H112C85.5 0 64 21.5 64 48v48H8c-4.4 0-8 3.6-8 8v16c0 4.4 3.6 8 8 8h272c4.4 0 8 3.6 8 8v16c0 4.4-3.6 8-8 8H40c-4.4 0-8 3.6-8 8v16c0 4.4 3.6 8 8 8h208c4.4 0 8 3.6 8 8v16c0 4.4-3.6 8-8 8H8c-4.4 0-8 3.6-8 8v16c0 4.4 3.6 8 8 8h208c4.4 0 8 3.6 8 8v16c0 4.4-3.6 8-8 8H64v128c0 53 43 96 96 96s96-43 96-96h128c0 53 43 96 96 96s96-43 96-96h48c8.8 0 16-7.2 16-16v-32c0-8.8-7.2-16-16-16zM160 464c-26.5 0-48-21.5-48-48s21.5-48 48-48 48 21.5 48 48-21.5 48-48 48zm320 0c-26.5 0-48-21.5-48-48s21.5-48 48-48 48 21.5 48 48-21.5 48-48 48zm80-208H416V144h44.1l99.9 99.9V256z\"><\/path><\/svg>\t\t\t\t\t\t<\/span>\n\t\t\t\t\t\t\t\t\t\t<span class=\"elementor-icon-list-text\">Livraison gratuite en Belgique et aux Pays-Bas<\/span>\n\t\t\t\t\t\t\t\t\t<\/li>\n\t\t\t\t\t\t\t\t<li class=\"elementor-icon-list-item elementor-inline-item\">\n\t\t\t\t\t\t\t\t\t\t\t<span class=\"elementor-icon-list-icon\">\n\t\t\t\t\t\t\t<svg aria-hidden=\"true\" class=\"e-font-icon-svg e-fas-tools\" viewbox=\"0 0 512 512\" xmlns=\"http:\/\/www.w3.org\/2000\/svg\"><path d=\"M501.1 395.7L384 278.6c-23.1-23.1-57.6-27.6-85.4-13.9L192 158.1V96L64 0 0 64l96 128h62.1l106.6 106.6c-13.6 27.8-9.2 62.3 13.9 85.4l117.1 117.1c14.6 14.6 38.2 14.6 52.7 0l52.7-52.7c14.5-14.6 14.5-38.2 0-52.7zM331.7 225c28.3 0 54.9 11 74.9 31l19.4 19.4c15.8-6.9 30.8-16.5 43.8-29.5 37.1-37.1 49.7-89.3 37.9-136.7-2.2-9-13.5-12.1-20.1-5.5l-74.4 74.4-67.9-11.3L334 98.9l74.4-74.4c6.6-6.6 3.4-17.9-5.7-20.2-47.4-11.7-99.6.9-136.6 37.9-28.5 28.5-41.9 66.1-41.2 103.6l82.1 82.1c8.1-1.9 16.5-2.9 24.7-2.9zm-103.9 82l-56.7-56.7L18.7 402.8c-25 25-25 65.5 0 90.5s65.5 25 90.5 0l123.6-123.6c-7.6-19.9-9.9-41.6-5-62.7zM64 472c-13.2 0-24-10.8-24-24 0-13.3 10.7-24 24-24s24 10.7 24 24c0 13.2-10.7 24-24 24z\"><\/path><\/svg>\t\t\t\t\t\t<\/span>\n\t\t\t\t\t\t\t\t\t\t<span class=\"elementor-icon-list-text\">Jusqu'\u00e0 5 ans de garantie<\/span>\n\t\t\t\t\t\t\t\t\t<\/li>\n\t\t\t\t\t\t\t\t<li class=\"elementor-icon-list-item elementor-inline-item\">\n\t\t\t\t\t\t\t\t\t\t\t<span class=\"elementor-icon-list-icon\">\n\t\t\t\t\t\t\t<svg aria-hidden=\"true\" class=\"e-font-icon-svg e-fas-people-carry\" viewbox=\"0 0 640 512\" xmlns=\"http:\/\/www.w3.org\/2000\/svg\"><path d=\"M128 96c26.5 0 48-21.5 48-48S154.5 0 128 0 80 21.5 80 48s21.5 48 48 48zm384 0c26.5 0 48-21.5 48-48S538.5 0 512 0s-48 21.5-48 48 21.5 48 48 48zm125.7 372.1l-44-110-41.1 46.4-2 18.2 27.7 69.2c5 12.5 17 20.1 29.7 20.1 4 0 8-.7 11.9-2.3 16.4-6.6 24.4-25.2 17.8-41.6zm-34.2-209.8L585 178.1c-4.6-20-18.6-36.8-37.5-44.9-18.5-8-39-6.7-56.1 3.3-22.7 13.4-39.7 34.5-48.1 59.4L432 229.8 416 240v-96c0-8.8-7.2-16-16-16H240c-8.8 0-16 7.2-16 16v96l-16.1-10.2-11.3-33.9c-8.3-25-25.4-46-48.1-59.4-17.2-10-37.6-11.3-56.1-3.3-18.9 8.1-32.9 24.9-37.5 44.9l-18.4 80.2c-4.6 20 .7 41.2 14.4 56.7l67.2 75.9 10.1 92.6C130 499.8 143.8 512 160 512c1.2 0 2.3-.1 3.5-.2 17.6-1.9 30.2-17.7 28.3-35.3l-10.1-92.8c-1.5-13-6.9-25.1-15.6-35l-43.3-49 17.6-70.3 6.8 20.4c4.1 12.5 11.9 23.4 24.5 32.6l51.1 32.5c4.6 2.9 12.1 4.6 17.2 5h160c5.1-.4 12.6-2.1 17.2-5l51.1-32.5c12.6-9.2 20.4-20 24.5-32.6l6.8-20.4 17.6 70.3-43.3 49c-8.7 9.9-14.1 22-15.6 35l-10.1 92.8c-1.9 17.6 10.8 33.4 28.3 35.3 1.2.1 2.3.2 3.5.2 16.1 0 30-12.1 31.8-28.5l10.1-92.6 67.2-75.9c13.6-15.5 19-36.7 14.4-56.7zM46.3 358.1l-44 110c-6.6 16.4 1.4 35 17.8 41.6 16.8 6.6 35.1-1.7 41.6-17.8l27.7-69.2-2-18.2-41.1-46.4z\"><\/path><\/svg>\t\t\t\t\t\t<\/span>\n\t\t\t\t\t\t\t\t\t\t<span class=\"elementor-icon-list-text\">Installation personnelle<\/span>\n\t\t\t\t\t\t\t\t\t<\/li>\n\t\t\t\t\t\t<\/ul>\n\t\t\t\t\t\t<\/div>\n\t\t\t\t<\/div>\n\t\t\t\t<div class=\"elementor-element elementor-element-47e20a5 elementor-icon-list--layout-inline elementor-list-item-link-full_width elementor-widget elementor-widget-icon-list\" data-id=\"47e20a5\" data-element_type=\"widget\" data-e-type=\"widget\" data-widget_type=\"icon-list.default\">\n\t\t\t\t<div class=\"elementor-widget-container\">\n\t\t\t\t\t\t\t<ul class=\"elementor-icon-list-items elementor-inline-items\">\n\t\t\t\t\t\t\t<li class=\"elementor-icon-list-item elementor-inline-item\">\n\t\t\t\t\t\t\t\t\t\t\t<a href=\"https:\/\/www.youtube.com\/@MediRelaxa\">\n\n\t\t\t\t\t\t\t\t\t\t\t\t<span class=\"elementor-icon-list-icon\">\n\t\t\t\t\t\t\t<svg aria-hidden=\"true\" class=\"e-font-icon-svg e-fab-youtube\" viewbox=\"0 0 576 512\" xmlns=\"http:\/\/www.w3.org\/2000\/svg\"><path d=\"M549.655 124.083c-6.281-23.65-24.787-42.276-48.284-48.597C458.781 64 288 64 288 64S117.22 64 74.629 75.486c-23.497 6.322-42.003 24.947-48.284 48.597-11.412 42.867-11.412 132.305-11.412 132.305s0 89.438 11.412 132.305c6.281 23.65 24.787 41.5 48.284 47.821C117.22 448 288 448 288 448s170.78 0 213.371-11.486c23.497-6.321 42.003-24.171 48.284-47.821 11.412-42.867 11.412-132.305 11.412-132.305s0-89.438-11.412-132.305zm-317.51 213.508V175.185l142.739 81.205-142.739 81.201z\"><\/path><\/svg>\t\t\t\t\t\t<\/span>\n\t\t\t\t\t\t\t\t\t\t<span class=\"elementor-icon-list-text\">Vid\u00e9os YouTube<\/span>\n\t\t\t\t\t\t\t\t\t\t\t<\/a>\n\t\t\t\t\t\t\t\t\t<\/li>\n\t\t\t\t\t\t<\/ul>\n\t\t\t\t\t\t<\/div>\n\t\t\t\t<\/div>\n\t\t\t\t<div class=\"elementor-element elementor-element-8e14f3b elementor-widget-divider--view-line elementor-widget elementor-widget-divider\" data-id=\"8e14f3b\" data-element_type=\"widget\" data-e-type=\"widget\" data-widget_type=\"divider.default\">\n\t\t\t\t<div class=\"elementor-widget-container\">\n\t\t\t\t\t\t\t<div class=\"elementor-divider\">\n\t\t\t<span class=\"elementor-divider-separator\">\n\t\t\t\t\t\t<\/span>\n\t\t<\/div>\n\t\t\t\t\t\t<\/div>\n\t\t\t\t<\/div>\n\t\t\t\t<\/div>\n\t\t<div class=\"elementor-element elementor-element-7144527 e-con-full e-flex e-con e-child\" data-id=\"7144527\" data-element_type=\"container\" data-e-type=\"container\">\n\t\t\t\t<div class=\"elementor-element elementor-element-4e8f490 elementor-widget elementor-widget-heading\" data-id=\"4e8f490\" data-element_type=\"widget\" data-e-type=\"widget\" data-widget_type=\"heading.default\">\n\t\t\t\t<div class=\"elementor-widget-container\">\n\t\t\t\t\t<h2 class=\"elementor-heading-title elementor-size-default\">Contact<\/h2>\t\t\t\t<\/div>\n\t\t\t\t<\/div>\n\t\t\t\t<div class=\"elementor-element elementor-element-d11253d elementor-widget elementor-widget-text-editor\" data-id=\"d11253d\" data-element_type=\"widget\" data-e-type=\"widget\" data-widget_type=\"text-editor.default\">\n\t\t\t\t<div class=\"elementor-widget-container\">\n\t\t\t\t\t\t\t\t\t<p>Vous \u00eates int\u00e9ress\u00e9 par nos fauteuils de massage ou vous avez une question d'ordre g\u00e9n\u00e9ral ? Appelez-moi et nous vous aiderons.<\/p>\t\t\t\t\t\t\t\t<\/div>\n\t\t\t\t<\/div>\n\t\t\t\t<\/div>\n\t\t<div class=\"elementor-element elementor-element-e2d8792 e-con-full e-flex e-con e-child\" data-id=\"e2d8792\" data-element_type=\"container\" data-e-type=\"container\">\n\t\t\t\t<div class=\"elementor-element elementor-element-2703da3 elementor-widget__width-initial elementor-widget elementor-widget-image\" data-id=\"2703da3\" data-element_type=\"widget\" data-e-type=\"widget\" data-widget_type=\"image.default\">\n\t\t\t\t<div class=\"elementor-widget-container\">\n\t\t\t\t\t\t\t\t\t\t\t\t\t\t\t<img loading=\"lazy\" decoding=\"async\" width=\"367\" height=\"375\" src=\"https:\/\/i0.wp.com\/medirelax.nl\/wp-content\/uploads\/2024\/05\/gio.png?fit=367%2C375&amp;ssl=1\" class=\"attachment-full size-full wp-image-3038\" alt=\"\" srcset=\"https:\/\/i0.wp.com\/medirelax.nl\/wp-content\/uploads\/2024\/05\/gio.png?w=367&amp;ssl=1 367w, https:\/\/i0.wp.com\/medirelax.nl\/wp-content\/uploads\/2024\/05\/gio.png?resize=294%2C300&amp;ssl=1 294w, https:\/\/i0.wp.com\/medirelax.nl\/wp-content\/uploads\/2024\/05\/gio.png?resize=12%2C12&amp;ssl=1 12w, https:\/\/i0.wp.com\/medirelax.nl\/wp-content\/uploads\/2024\/05\/gio.png?resize=300%2C307&amp;ssl=1 300w\" sizes=\"(max-width: 367px) 100vw, 367px\" \/>\t\t\t\t\t\t\t\t\t\t\t\t\t\t\t<\/div>\n\t\t\t\t<\/div>\n\t\t\t\t<div class=\"elementor-element elementor-element-0e6057c elementor-widget elementor-widget-text-editor\" data-id=\"0e6057c\" data-element_type=\"widget\" data-e-type=\"widget\" data-widget_type=\"text-editor.default\">\n\t\t\t\t<div class=\"elementor-widget-container\">\n\t\t\t\t\t\t\t\t\t<p><strong>Giovanni Vaes<br \/><\/strong><span style=\"font-size: 18px;\">Directeur g\u00e9n\u00e9ral<\/span><\/p>\t\t\t\t\t\t\t\t<\/div>\n\t\t\t\t<\/div>\n\t\t\t\t<\/div>\n\t\t<div class=\"elementor-element elementor-element-8621bbb e-con-full e-flex e-con e-child\" data-id=\"8621bbb\" data-element_type=\"container\" data-e-type=\"container\">\n\t\t\t\t<div class=\"elementor-element elementor-element-7ea5ddd elementor-widget elementor-widget-button\" data-id=\"7ea5ddd\" data-element_type=\"widget\" data-e-type=\"widget\" data-widget_type=\"button.default\">\n\t\t\t\t<div class=\"elementor-widget-container\">\n\t\t\t\t\t\t\t\t\t<div class=\"elementor-button-wrapper\">\n\t\t\t\t\t<a class=\"elementor-button elementor-button-link elementor-size-sm\" href=\"tel:0032456811579\">\n\t\t\t\t\t\t<span class=\"elementor-button-content-wrapper\">\n\t\t\t\t\t\t<span class=\"elementor-button-icon\">\n\t\t\t\t<svg aria-hidden=\"true\" class=\"e-font-icon-svg e-fas-phone-alt\" viewbox=\"0 0 512 512\" xmlns=\"http:\/\/www.w3.org\/2000\/svg\"><path d=\"M497.39 361.8l-112-48a24 24 0 0 0-28 6.9l-49.6 60.6A370.66 370.66 0 0 1 130.6 204.11l60.6-49.6a23.94 23.94 0 0 0 6.9-28l-48-112A24.16 24.16 0 0 0 122.6.61l-104 24A24 24 0 0 0 0 48c0 256.5 207.9 464 464 464a24 24 0 0 0 23.4-18.6l24-104a24.29 24.29 0 0 0-14.01-27.6z\"><\/path><\/svg>\t\t\t<\/span>\n\t\t\t\t\t\t\t\t\t<span class=\"elementor-button-text\">+32 456 81 15 79<\/span>\n\t\t\t\t\t<\/span>\n\t\t\t\t\t<\/a>\n\t\t\t\t<\/div>\n\t\t\t\t\t\t\t\t<\/div>\n\t\t\t\t<\/div>\n\t\t\t\t<div class=\"elementor-element elementor-element-a41628b elementor-widget elementor-widget-button\" data-id=\"a41628b\" data-element_type=\"widget\" data-e-type=\"widget\" data-widget_type=\"button.default\">\n\t\t\t\t<div class=\"elementor-widget-container\">\n\t\t\t\t\t\t\t\t\t<div class=\"elementor-button-wrapper\">\n\t\t\t\t\t<a class=\"elementor-button elementor-button-link elementor-size-sm\" href=\"mailto:info@medirelax.nl\">\n\t\t\t\t\t\t<span class=\"elementor-button-content-wrapper\">\n\t\t\t\t\t\t<span class=\"elementor-button-icon\">\n\t\t\t\t<svg aria-hidden=\"true\" class=\"e-font-icon-svg e-fas-envelope\" viewbox=\"0 0 512 512\" xmlns=\"http:\/\/www.w3.org\/2000\/svg\"><path d=\"M502.3 190.8c3.9-3.1 9.7-.2 9.7 4.7V400c0 26.5-21.5 48-48 48H48c-26.5 0-48-21.5-48-48V195.6c0-5 5.7-7.8 9.7-4.7 22.4 17.4 52.1 39.5 154.1 113.6 21.1 15.4 56.7 47.8 92.2 47.6 35.7.3 72-32.8 92.3-47.6 102-74.1 131.6-96.3 154-113.7zM256 320c23.2.4 56.6-29.2 73.4-41.4 132.7-96.3 142.8-104.7 173.4-128.7 5.8-4.5 9.2-11.5 9.2-18.9v-19c0-26.5-21.5-48-48-48H48C21.5 64 0 85.5 0 112v19c0 7.4 3.4 14.3 9.2 18.9 30.6 23.9 40.7 32.4 173.4 128.7 16.8 12.2 50.2 41.8 73.4 41.4z\"><\/path><\/svg>\t\t\t<\/span>\n\t\t\t\t\t\t\t\t\t<span class=\"elementor-button-text\">info@medirelax.nl<\/span>\n\t\t\t\t\t<\/span>\n\t\t\t\t\t<\/a>\n\t\t\t\t<\/div>\n\t\t\t\t\t\t\t\t<\/div>\n\t\t\t\t<\/div>\n\t\t\t\t<\/div>\n\t\t\t\t\t<\/div>\n\t\t\t\t<\/div>\n\t\t\t\t<\/div>","protected":false},"excerpt":{"rendered":"<p>Werken hoort bij te dragen aan welzijn, maar helaas kan de werkplek ook een bron van stress en mentale overbelasting zijn. In sommige gevallen kan de werksituatie zelfs leiden tot psychische klachten zoals burn-out, depressie of angststoornissen. Wat kun je doen als je psychisch ziek wordt door je werkgever? In dit artikel bespreken we jouw [&hellip;]<\/p>\n","protected":false},"author":1,"featured_media":8366,"comment_status":"open","ping_status":"open","sticky":false,"template":"","format":"standard","meta":{"_jetpack_memberships_contains_paid_content":false,"footnotes":""},"categories":[1],"tags":[],"class_list":["post-8365","post","type-post","status-publish","format-standard","has-post-thumbnail","hentry","category-blog"],"blocksy_meta":[],"yoast_head":"<!-- This site is optimized with the Yoast SEO plugin v27.4 - https:\/\/yoast.com\/product\/yoast-seo-wordpress\/ -->\n<title>Psychisch ziek door werkgever, wat nu?<\/title>\n<meta name=\"description\" content=\"Werken hoort bij te dragen aan welzijn, maar helaas kan de werkplek ook een bron van stress en mentale overbelasting zijn. In sommige gevallen kan de\" \/>\n<meta name=\"robots\" content=\"index, follow, max-snippet:-1, max-image-preview:large, max-video-preview:-1\" \/>\n<link rel=\"canonical\" href=\"https:\/\/medirelax.nl\/fr\/maladie-mentale-due-a-lemployeur-que-faire-maintenant\/\" \/>\n<meta property=\"og:locale\" content=\"fr_FR\" \/>\n<meta property=\"og:type\" content=\"article\" \/>\n<meta property=\"og:title\" content=\"Psychisch ziek door werkgever, wat nu?\" \/>\n<meta property=\"og:description\" content=\"Werken hoort bij te dragen aan welzijn, maar helaas kan de werkplek ook een bron van stress en mentale overbelasting zijn. In sommige gevallen kan de\" \/>\n<meta property=\"og:url\" content=\"https:\/\/medirelax.nl\/fr\/maladie-mentale-due-a-lemployeur-que-faire-maintenant\/\" \/>\n<meta property=\"og:site_name\" content=\"MediRelaxa\" \/>\n<meta property=\"article:published_time\" content=\"2025-01-15T15:14:42+00:00\" \/>\n<meta property=\"article:modified_time\" content=\"2025-01-15T15:16:35+00:00\" \/>\n<meta property=\"og:image\" content=\"https:\/\/medirelax.nl\/wp-content\/uploads\/2025\/01\/Psychisch-ziek-door-werkgever-min.jpg\" \/>\n\t<meta property=\"og:image:width\" content=\"1333\" \/>\n\t<meta property=\"og:image:height\" content=\"1000\" \/>\n\t<meta property=\"og:image:type\" content=\"image\/jpeg\" \/>\n<meta name=\"author\" content=\"medirelax.nl\" \/>\n<meta name=\"twitter:card\" content=\"summary_large_image\" \/>\n<meta name=\"twitter:label1\" content=\"\u00c9crit par\" \/>\n\t<meta name=\"twitter:data1\" content=\"medirelax.nl\" \/>\n\t<meta name=\"twitter:label2\" content=\"Dur\u00e9e de lecture estim\u00e9e\" \/>\n\t<meta name=\"twitter:data2\" content=\"5 minutes\" \/>\n<script type=\"application\/ld+json\" class=\"yoast-schema-graph\">{\"@context\":\"https:\\\/\\\/schema.org\",\"@graph\":[{\"@type\":\"Article\",\"@id\":\"https:\\\/\\\/medirelax.nl\\\/psychisch-ziek-door-werkgever-wat-nu\\\/#article\",\"isPartOf\":{\"@id\":\"https:\\\/\\\/medirelax.nl\\\/psychisch-ziek-door-werkgever-wat-nu\\\/\"},\"author\":{\"name\":\"medirelax.nl\",\"@id\":\"https:\\\/\\\/medirelax.nl\\\/#\\\/schema\\\/person\\\/b6e82d5b35f7bf940a363103a12c4afe\"},\"headline\":\"Psychisch ziek door werkgever, wat nu?\",\"datePublished\":\"2025-01-15T15:14:42+00:00\",\"dateModified\":\"2025-01-15T15:16:35+00:00\",\"mainEntityOfPage\":{\"@id\":\"https:\\\/\\\/medirelax.nl\\\/psychisch-ziek-door-werkgever-wat-nu\\\/\"},\"wordCount\":726,\"commentCount\":0,\"publisher\":{\"@id\":\"https:\\\/\\\/medirelax.nl\\\/#organization\"},\"image\":{\"@id\":\"https:\\\/\\\/medirelax.nl\\\/psychisch-ziek-door-werkgever-wat-nu\\\/#primaryimage\"},\"thumbnailUrl\":\"https:\\\/\\\/i0.wp.com\\\/medirelax.nl\\\/wp-content\\\/uploads\\\/2025\\\/01\\\/Psychisch-ziek-door-werkgever-min.jpg?fit=1333%2C1000&ssl=1\",\"articleSection\":[\"Blog\"],\"inLanguage\":\"fr-FR\",\"potentialAction\":[{\"@type\":\"CommentAction\",\"name\":\"Comment\",\"target\":[\"https:\\\/\\\/medirelax.nl\\\/psychisch-ziek-door-werkgever-wat-nu\\\/#respond\"]}]},{\"@type\":\"WebPage\",\"@id\":\"https:\\\/\\\/medirelax.nl\\\/psychisch-ziek-door-werkgever-wat-nu\\\/\",\"url\":\"https:\\\/\\\/medirelax.nl\\\/psychisch-ziek-door-werkgever-wat-nu\\\/\",\"name\":\"Psychisch ziek door werkgever, wat nu?\",\"isPartOf\":{\"@id\":\"https:\\\/\\\/medirelax.nl\\\/#website\"},\"primaryImageOfPage\":{\"@id\":\"https:\\\/\\\/medirelax.nl\\\/psychisch-ziek-door-werkgever-wat-nu\\\/#primaryimage\"},\"image\":{\"@id\":\"https:\\\/\\\/medirelax.nl\\\/psychisch-ziek-door-werkgever-wat-nu\\\/#primaryimage\"},\"thumbnailUrl\":\"https:\\\/\\\/i0.wp.com\\\/medirelax.nl\\\/wp-content\\\/uploads\\\/2025\\\/01\\\/Psychisch-ziek-door-werkgever-min.jpg?fit=1333%2C1000&ssl=1\",\"datePublished\":\"2025-01-15T15:14:42+00:00\",\"dateModified\":\"2025-01-15T15:16:35+00:00\",\"description\":\"Werken hoort bij te dragen aan welzijn, maar helaas kan de werkplek ook een bron van stress en mentale overbelasting zijn. In sommige gevallen kan de\",\"inLanguage\":\"fr-FR\",\"potentialAction\":[{\"@type\":\"ReadAction\",\"target\":[\"https:\\\/\\\/medirelax.nl\\\/psychisch-ziek-door-werkgever-wat-nu\\\/\"]}]},{\"@type\":\"ImageObject\",\"inLanguage\":\"fr-FR\",\"@id\":\"https:\\\/\\\/medirelax.nl\\\/psychisch-ziek-door-werkgever-wat-nu\\\/#primaryimage\",\"url\":\"https:\\\/\\\/i0.wp.com\\\/medirelax.nl\\\/wp-content\\\/uploads\\\/2025\\\/01\\\/Psychisch-ziek-door-werkgever-min.jpg?fit=1333%2C1000&ssl=1\",\"contentUrl\":\"https:\\\/\\\/i0.wp.com\\\/medirelax.nl\\\/wp-content\\\/uploads\\\/2025\\\/01\\\/Psychisch-ziek-door-werkgever-min.jpg?fit=1333%2C1000&ssl=1\",\"width\":1333,\"height\":1000,\"caption\":\"Psychisch ziek door werkgever\"},{\"@type\":\"WebSite\",\"@id\":\"https:\\\/\\\/medirelax.nl\\\/#website\",\"url\":\"https:\\\/\\\/medirelax.nl\\\/\",\"name\":\"MediRelaxa\",\"description\":\"Luxueus Ontspannen in onze Designer Massagestoelen\",\"publisher\":{\"@id\":\"https:\\\/\\\/medirelax.nl\\\/#organization\"},\"alternateName\":\"Ontspanning op elk moment: Beleef ultieme rust met onze massagestoelen.\",\"potentialAction\":[{\"@type\":\"SearchAction\",\"target\":{\"@type\":\"EntryPoint\",\"urlTemplate\":\"https:\\\/\\\/medirelax.nl\\\/?s={search_term_string}\"},\"query-input\":{\"@type\":\"PropertyValueSpecification\",\"valueRequired\":true,\"valueName\":\"search_term_string\"}}],\"inLanguage\":\"fr-FR\"},{\"@type\":\"Organization\",\"@id\":\"https:\\\/\\\/medirelax.nl\\\/#organization\",\"name\":\"MediRelaxa\",\"url\":\"https:\\\/\\\/medirelax.nl\\\/\",\"logo\":{\"@type\":\"ImageObject\",\"inLanguage\":\"fr-FR\",\"@id\":\"https:\\\/\\\/medirelax.nl\\\/#\\\/schema\\\/logo\\\/image\\\/\",\"url\":\"https:\\\/\\\/i0.wp.com\\\/medirelax.nl\\\/wp-content\\\/uploads\\\/2024\\\/06\\\/medirelaxa-logo-vierkant-nl.jpg?fit=1300%2C1300&ssl=1\",\"contentUrl\":\"https:\\\/\\\/i0.wp.com\\\/medirelax.nl\\\/wp-content\\\/uploads\\\/2024\\\/06\\\/medirelaxa-logo-vierkant-nl.jpg?fit=1300%2C1300&ssl=1\",\"width\":1300,\"height\":1300,\"caption\":\"MediRelaxa\"},\"image\":{\"@id\":\"https:\\\/\\\/medirelax.nl\\\/#\\\/schema\\\/logo\\\/image\\\/\"},\"sameAs\":[\"https:\\\/\\\/www.youtube.com\\\/@MediRelaxa\"]},{\"@type\":\"Person\",\"@id\":\"https:\\\/\\\/medirelax.nl\\\/#\\\/schema\\\/person\\\/b6e82d5b35f7bf940a363103a12c4afe\",\"name\":\"medirelax.nl\",\"image\":{\"@type\":\"ImageObject\",\"inLanguage\":\"fr-FR\",\"@id\":\"https:\\\/\\\/secure.gravatar.com\\\/avatar\\\/ad44fb14fd0a3dc2f3745a80985703abc6fa61f557cd11e42238baf0d962b48e?s=96&d=mm&r=g\",\"url\":\"https:\\\/\\\/secure.gravatar.com\\\/avatar\\\/ad44fb14fd0a3dc2f3745a80985703abc6fa61f557cd11e42238baf0d962b48e?s=96&d=mm&r=g\",\"contentUrl\":\"https:\\\/\\\/secure.gravatar.com\\\/avatar\\\/ad44fb14fd0a3dc2f3745a80985703abc6fa61f557cd11e42238baf0d962b48e?s=96&d=mm&r=g\",\"caption\":\"medirelax.nl\"},\"sameAs\":[\"http:\\\/\\\/medirelax.nl\"]}]}<\/script>\n<!-- \/ Yoast SEO plugin. -->","yoast_head_json":{"title":"Maladie psychologique due \u00e0 l'employeur, que faire ?","description":"Le travail est cens\u00e9 contribuer au bien-\u00eatre, mais malheureusement le lieu de travail peut aussi \u00eatre une source de stress et de surcharge mentale. Dans certains cas, le","robots":{"index":"index","follow":"follow","max-snippet":"max-snippet:-1","max-image-preview":"max-image-preview:large","max-video-preview":"max-video-preview:-1"},"canonical":"https:\/\/medirelax.nl\/fr\/maladie-mentale-due-a-lemployeur-que-faire-maintenant\/","og_locale":"fr_FR","og_type":"article","og_title":"Psychisch ziek door werkgever, wat nu?","og_description":"Werken hoort bij te dragen aan welzijn, maar helaas kan de werkplek ook een bron van stress en mentale overbelasting zijn. In sommige gevallen kan de","og_url":"https:\/\/medirelax.nl\/fr\/maladie-mentale-due-a-lemployeur-que-faire-maintenant\/","og_site_name":"MediRelaxa","article_published_time":"2025-01-15T15:14:42+00:00","article_modified_time":"2025-01-15T15:16:35+00:00","og_image":[{"width":1333,"height":1000,"url":"https:\/\/medirelax.nl\/wp-content\/uploads\/2025\/01\/Psychisch-ziek-door-werkgever-min.jpg","type":"image\/jpeg"}],"author":"medirelax.nl","twitter_card":"summary_large_image","twitter_misc":{"\u00c9crit par":"medirelax.nl","Dur\u00e9e de lecture estim\u00e9e":"5 minutes"},"schema":{"@context":"https:\/\/schema.org","@graph":[{"@type":"Article","@id":"https:\/\/medirelax.nl\/psychisch-ziek-door-werkgever-wat-nu\/#article","isPartOf":{"@id":"https:\/\/medirelax.nl\/psychisch-ziek-door-werkgever-wat-nu\/"},"author":{"name":"medirelax.nl","@id":"https:\/\/medirelax.nl\/#\/schema\/person\/b6e82d5b35f7bf940a363103a12c4afe"},"headline":"Psychisch ziek door werkgever, wat nu?","datePublished":"2025-01-15T15:14:42+00:00","dateModified":"2025-01-15T15:16:35+00:00","mainEntityOfPage":{"@id":"https:\/\/medirelax.nl\/psychisch-ziek-door-werkgever-wat-nu\/"},"wordCount":726,"commentCount":0,"publisher":{"@id":"https:\/\/medirelax.nl\/#organization"},"image":{"@id":"https:\/\/medirelax.nl\/psychisch-ziek-door-werkgever-wat-nu\/#primaryimage"},"thumbnailUrl":"https:\/\/i0.wp.com\/medirelax.nl\/wp-content\/uploads\/2025\/01\/Psychisch-ziek-door-werkgever-min.jpg?fit=1333%2C1000&ssl=1","articleSection":["Blog"],"inLanguage":"fr-FR","potentialAction":[{"@type":"CommentAction","name":"Comment","target":["https:\/\/medirelax.nl\/psychisch-ziek-door-werkgever-wat-nu\/#respond"]}]},{"@type":"WebPage","@id":"https:\/\/medirelax.nl\/psychisch-ziek-door-werkgever-wat-nu\/","url":"https:\/\/medirelax.nl\/psychisch-ziek-door-werkgever-wat-nu\/","name":"Maladie psychologique due \u00e0 l'employeur, que faire ?","isPartOf":{"@id":"https:\/\/medirelax.nl\/#website"},"primaryImageOfPage":{"@id":"https:\/\/medirelax.nl\/psychisch-ziek-door-werkgever-wat-nu\/#primaryimage"},"image":{"@id":"https:\/\/medirelax.nl\/psychisch-ziek-door-werkgever-wat-nu\/#primaryimage"},"thumbnailUrl":"https:\/\/i0.wp.com\/medirelax.nl\/wp-content\/uploads\/2025\/01\/Psychisch-ziek-door-werkgever-min.jpg?fit=1333%2C1000&ssl=1","datePublished":"2025-01-15T15:14:42+00:00","dateModified":"2025-01-15T15:16:35+00:00","description":"Le travail est cens\u00e9 contribuer au bien-\u00eatre, mais malheureusement le lieu de travail peut aussi \u00eatre une source de stress et de surcharge mentale. Dans certains cas, le","inLanguage":"fr-FR","potentialAction":[{"@type":"ReadAction","target":["https:\/\/medirelax.nl\/psychisch-ziek-door-werkgever-wat-nu\/"]}]},{"@type":"ImageObject","inLanguage":"fr-FR","@id":"https:\/\/medirelax.nl\/psychisch-ziek-door-werkgever-wat-nu\/#primaryimage","url":"https:\/\/i0.wp.com\/medirelax.nl\/wp-content\/uploads\/2025\/01\/Psychisch-ziek-door-werkgever-min.jpg?fit=1333%2C1000&ssl=1","contentUrl":"https:\/\/i0.wp.com\/medirelax.nl\/wp-content\/uploads\/2025\/01\/Psychisch-ziek-door-werkgever-min.jpg?fit=1333%2C1000&ssl=1","width":1333,"height":1000,"caption":"Psychisch ziek door werkgever"},{"@type":"WebSite","@id":"https:\/\/medirelax.nl\/#website","url":"https:\/\/medirelax.nl\/","name":"MediRelaxa","description":"D\u00e9tente luxueuse dans nos fauteuils de massage design","publisher":{"@id":"https:\/\/medirelax.nl\/#organization"},"alternateName":"Ontspanning op elk moment: Beleef ultieme rust met onze massagestoelen.","potentialAction":[{"@type":"SearchAction","target":{"@type":"EntryPoint","urlTemplate":"https:\/\/medirelax.nl\/?s={search_term_string}"},"query-input":{"@type":"PropertyValueSpecification","valueRequired":true,"valueName":"search_term_string"}}],"inLanguage":"fr-FR"},{"@type":"Organization","@id":"https:\/\/medirelax.nl\/#organization","name":"MediRelaxa","url":"https:\/\/medirelax.nl\/","logo":{"@type":"ImageObject","inLanguage":"fr-FR","@id":"https:\/\/medirelax.nl\/#\/schema\/logo\/image\/","url":"https:\/\/i0.wp.com\/medirelax.nl\/wp-content\/uploads\/2024\/06\/medirelaxa-logo-vierkant-nl.jpg?fit=1300%2C1300&ssl=1","contentUrl":"https:\/\/i0.wp.com\/medirelax.nl\/wp-content\/uploads\/2024\/06\/medirelaxa-logo-vierkant-nl.jpg?fit=1300%2C1300&ssl=1","width":1300,"height":1300,"caption":"MediRelaxa"},"image":{"@id":"https:\/\/medirelax.nl\/#\/schema\/logo\/image\/"},"sameAs":["https:\/\/www.youtube.com\/@MediRelaxa"]},{"@type":"Person","@id":"https:\/\/medirelax.nl\/#\/schema\/person\/b6e82d5b35f7bf940a363103a12c4afe","name":"medirelax.nl","image":{"@type":"ImageObject","inLanguage":"fr-FR","@id":"https:\/\/secure.gravatar.com\/avatar\/ad44fb14fd0a3dc2f3745a80985703abc6fa61f557cd11e42238baf0d962b48e?s=96&d=mm&r=g","url":"https:\/\/secure.gravatar.com\/avatar\/ad44fb14fd0a3dc2f3745a80985703abc6fa61f557cd11e42238baf0d962b48e?s=96&d=mm&r=g","contentUrl":"https:\/\/secure.gravatar.com\/avatar\/ad44fb14fd0a3dc2f3745a80985703abc6fa61f557cd11e42238baf0d962b48e?s=96&d=mm&r=g","caption":"medirelax.nl"},"sameAs":["http:\/\/medirelax.nl"]}]}},"jetpack_featured_media_url":"https:\/\/i0.wp.com\/medirelax.nl\/wp-content\/uploads\/2025\/01\/Psychisch-ziek-door-werkgever-min.jpg?fit=1333%2C1000&ssl=1","jetpack_sharing_enabled":true,"_links":{"self":[{"href":"https:\/\/medirelax.nl\/fr\/wp-json\/wp\/v2\/posts\/8365","targetHints":{"allow":["GET"]}}],"collection":[{"href":"https:\/\/medirelax.nl\/fr\/wp-json\/wp\/v2\/posts"}],"about":[{"href":"https:\/\/medirelax.nl\/fr\/wp-json\/wp\/v2\/types\/post"}],"author":[{"embeddable":true,"href":"https:\/\/medirelax.nl\/fr\/wp-json\/wp\/v2\/users\/1"}],"replies":[{"embeddable":true,"href":"https:\/\/medirelax.nl\/fr\/wp-json\/wp\/v2\/comments?post=8365"}],"version-history":[{"count":4,"href":"https:\/\/medirelax.nl\/fr\/wp-json\/wp\/v2\/posts\/8365\/revisions"}],"predecessor-version":[{"id":8371,"href":"https:\/\/medirelax.nl\/fr\/wp-json\/wp\/v2\/posts\/8365\/revisions\/8371"}],"wp:featuredmedia":[{"embeddable":true,"href":"https:\/\/medirelax.nl\/fr\/wp-json\/wp\/v2\/media\/8366"}],"wp:attachment":[{"href":"https:\/\/medirelax.nl\/fr\/wp-json\/wp\/v2\/media?parent=8365"}],"wp:term":[{"taxonomy":"category","embeddable":true,"href":"https:\/\/medirelax.nl\/fr\/wp-json\/wp\/v2\/categories?post=8365"},{"taxonomy":"post_tag","embeddable":true,"href":"https:\/\/medirelax.nl\/fr\/wp-json\/wp\/v2\/tags?post=8365"}],"curies":[{"name":"wp","href":"https:\/\/api.w.org\/{rel}","templated":true}]}}